{"id":858,"date":"2024-01-24T15:40:38","date_gmt":"2024-01-24T12:40:38","guid":{"rendered":"https:\/\/www.mersinmuhbir.com\/?p=858"},"modified":"2024-01-24T15:40:38","modified_gmt":"2024-01-24T12:40:38","slug":"tarsus-gerginlige-kapali-medeniyete-aciktir","status":"publish","type":"post","link":"https:\/\/mersinmuhbir.com\/index.php\/2024\/01\/24\/tarsus-gerginlige-kapali-medeniyete-aciktir\/","title":{"rendered":"\u201c TARSUS GERG\u0130NL\u0130\u011eE KAPALI, MEDEN\u0130YETE A\u00c7IKTIR\u201d"},"content":{"rendered":"<p>Ali Bolta\u00e7\u2019dan sald\u0131r\u0131ya y\u00f6nelik ilk a\u00e7\u0131klama geldi.<br \/>\n\u201c TARSUS GERG\u0130NL\u0130\u011eE KAPALI, MEDEN\u0130YETE A\u00c7IKTIR\u201d<br \/>\nCumhuriyet Halk Partisi Tarsus Belediye Ba\u015fkan aday\u0131 Ali Bolta\u00e7\u2019\u0131n esnaf ziyareti esnas\u0131nda \u00dclk\u00fc Ocaklar\u0131ndan bir grup Bolta\u00e7 ve ekibine \u00f6nce s\u00f6zl\u00fc sald\u0131r\u0131da bulundu, ard\u0131ndan da iki grup aras\u0131nda arbede ya\u015fanmas\u0131na neden oldu.<br \/>\nCHP Tarsus Belediye Ba\u015fkan aday\u0131 Ali Bolta\u00e7 sabah saatlerinde Makam mevkinde bulunan esnaflar\u0131 ziyaret etti. Ziyaret esnas\u0131nda \u00dclk\u00fc Ocaklar\u0131 \u0130l\u00e7e Binas\u0131nda bulunan bir grup Bolta\u00e7 ve ekibine s\u00f6zl\u00fc sald\u0131r\u0131da bulundu. Bu sata\u015fman\u0131n ard\u0131ndan \u00dclk\u00fc Ocaklarna ba\u011fl\u0131 gen\u00e7lerle , Belediye Ba\u015fkan Aday\u0131 Ali Bolta\u00e7\u2019\u0131n ekibi aras\u0131nda k\u0131sa s\u00fcreli bir arbede ya\u015fand\u0131. Sakinli\u011fini koruyan Ali Bolta\u00e7, kendi ekibine m\u00fcdahale ederek olaylar\u0131n b\u00fcy\u00fcmesini engelledi.<br \/>\nYa\u015fanan olaylarla ilgili a\u00e7\u0131klama yapan Belediye Ba\u015fkan Aday\u0131 Ali Bolta\u00e7, Tarsus\u2019un se\u00e7im s\u00fcrecinde de olsa gerginli\u011fe kapal\u0131, medeniyete a\u00e7\u0131k bir kent oldu\u011funu s\u00f6yledi.<br \/>\nBolta\u00e7, \u201c \u00d6nemli bir se\u00e7im s\u00fcrecine girdik. Sabah saatlerinde Makam mevkiinde benim ve arkada\u015flar\u0131m\u0131n ya\u015fad\u0131\u011f\u0131 bu \u00fcz\u00fcc\u00fc sald\u0131r\u0131n\u0131n bir kez daha ya\u015fanmamas\u0131n\u0131 umuyorum. Bu tav\u0131r b\u0131rak\u0131n bir siyasi kolu ya da unsuru hi\u00e7bir Tarsuslu\u2019ya yak\u0131\u015fmaz. \u00c7\u00fcnk\u00fc biz bar\u0131\u015f\u0131n ve huzurun kentiyiz. Biz bu \u00fclkede hatta d\u00fcnyada medeniyetle en erken tan\u0131\u015fan bir b\u00f6lgeyiz. Bizim demokrasi gelene\u011fimiz hem k\u00f6kl\u00fc hem de eskilere dayan\u0131r. Tahamm\u00fcl ve olgunluk bu topraklara at\u0131lm\u0131\u015f en bereketli tohumdur. Ya\u015fad\u0131\u011f\u0131m\u0131z bu s\u00f6zl\u00fc ve fiili sald\u0131r\u0131n\u0131n bir kez daha ya\u015fanmamas\u0131 tek dile\u011fimiz. \u0130nsan hayat\u0131 t\u00fcm ideolojilerin, t\u00fcm inan\u0131\u015flar\u0131n ve t\u00fcm siyasal ama\u00e7lar\u0131n \u00fczerindedir. Bir ki\u015finin bile burnunun kanamas\u0131 se\u00e7ime ve demokrasi anlay\u0131\u015f\u0131m\u0131za leke d\u00fc\u015f\u00fcr\u00fcr. Bu ya\u015fanan elim olay \u0131\u015f\u0131\u011f\u0131nda t\u00fcm siyasal partilerimizi ve rakiplerimizi uyar\u0131yorum. Biz sadece bir se\u00e7im yap\u0131yoruz ve kentimizi y\u00f6netecek ki\u015fiyi se\u00e7ece\u011fiz. Koltu\u011fa oturacak ki\u015fi hepimizin belediye ba\u015fkan\u0131 olacak. E\u011fer \u201cSevgide serbestlik sayg\u0131da mecburiyet\u201d d\u00fcsturu ile hareket edersek kazanan Tarsus olacakt\u0131r.\u201d dedi<\/p>\n","protected":false},"excerpt":{"rendered":"<p>Ali Bolta\u00e7\u2019dan sald\u0131r\u0131ya y\u00f6nelik ilk a\u00e7\u0131klama geldi. \u201c TARSUS GERG\u0130NL\u0130\u011eE KAPALI, MEDEN\u0130YETE A\u00c7IKTIR\u201d Cumhuriyet Halk Partisi Tarsus Belediye Ba\u015fkan aday\u0131 Ali Bolta\u00e7\u2019\u0131n esnaf ziyareti esnas\u0131nda \u00dclk\u00fc Ocaklar\u0131ndan bir grup Bolta\u00e7 ve ekibine \u00f6nce s\u00f6zl\u00fc sald\u0131r\u0131da bulundu, ard\u0131ndan da iki grup aras\u0131nda arbede ya\u015fanmas\u0131na neden oldu. CHP Tarsus Belediye Ba\u015fkan aday\u0131 Ali Bolta\u00e7 sabah saatlerinde Makam [&hellip;]<\/p>\n","protected":false},"author":1,"featured_media":859,"comment_status":"open","ping_status":"open","sticky":false,"template":"","format":"standard","meta":{"footnotes":""},"categories":[7,9,259,261],"tags":[],"class_list":["post-858","post","type-post","status-publish","format-standard","has-post-thumbnail","hentry","category-gundem","category-manset","category-mersin","category-siyaset"],"_links":{"self":[{"href":"https:\/\/mersinmuhbir.com\/index.php\/wp-json\/wp\/v2\/posts\/858","targetHints":{"allow":["GET"]}}],"collection":[{"href":"https:\/\/mersinmuhbir.com\/index.php\/wp-json\/wp\/v2\/posts"}],"about":[{"href":"https:\/\/mersinmuhbir.com\/index.php\/wp-json\/wp\/v2\/types\/post"}],"author":[{"embeddable":true,"href":"https:\/\/mersinmuhbir.com\/index.php\/wp-json\/wp\/v2\/users\/1"}],"replies":[{"embeddable":true,"href":"https:\/\/mersinmuhbir.com\/index.php\/wp-json\/wp\/v2\/comments?post=858"}],"version-history":[{"count":0,"href":"https:\/\/mersinmuhbir.com\/index.php\/wp-json\/wp\/v2\/posts\/858\/revisions"}],"wp:featuredmedia":[{"embeddable":true,"href":"https:\/\/mersinmuhbir.com\/index.php\/wp-json\/wp\/v2\/media\/859"}],"wp:attachment":[{"href":"https:\/\/mersinmuhbir.com\/index.php\/wp-json\/wp\/v2\/media?parent=858"}],"wp:term":[{"taxonomy":"category","embeddable":true,"href":"https:\/\/mersinmuhbir.com\/index.php\/wp-json\/wp\/v2\/categories?post=858"},{"taxonomy":"post_tag","embeddable":true,"href":"https:\/\/mersinmuhbir.com\/index.php\/wp-json\/wp\/v2\/tags?post=858"}],"curies":[{"name":"wp","href":"https:\/\/api.w.org\/{rel}","templated":true}]}}