{"id":6339,"date":"2026-04-09T18:15:21","date_gmt":"2026-04-09T15:15:21","guid":{"rendered":"https:\/\/mersinmuhbir.com\/?p=6339"},"modified":"2026-04-09T18:15:21","modified_gmt":"2026-04-09T15:15:21","slug":"muhtarin-pavyon-islettigi-ortaya-cikti-pavyonda-calisan-kadini-oldurttu","status":"publish","type":"post","link":"https:\/\/mersinmuhbir.com\/index.php\/2026\/04\/09\/muhtarin-pavyon-islettigi-ortaya-cikti-pavyonda-calisan-kadini-oldurttu\/","title":{"rendered":"Muhtar\u0131n pavyon i\u015fletti\u011fi ortaya \u00e7\u0131kt\u0131, pavyonda \u00e7al\u0131\u015fan kad\u0131n\u0131 \u00f6ld\u00fcrtt\u00fc"},"content":{"rendered":"<p><strong>Adana&#8217;n\u0131n Tufanbeyli il\u00e7esinde K\u00fcrebeli Baraj\u0131&#8217;nda \u00f6l\u00fc bulunan 24 ya\u015f\u0131ndaki Bahar Aks\u00fct cinayetinin kan donduran detaylar\u0131 ortaya \u00e7\u0131kt\u0131. 7 ayl\u0131k hamile oldu\u011fu \u00f6\u011frenilen gen\u00e7 kad\u0131n\u0131n, pavyonu i\u015fleten mahalle muhtar\u0131 taraf\u0131ndan bebe\u011fi ald\u0131rmad\u0131\u011f\u0131 i\u00e7in b\u0131\u00e7aklanarak \u00f6ld\u00fcr\u00fcld\u00fc\u011f\u00fc, daha sonra baraj\u0131n buzunu k\u0131r\u0131p i\u00e7ine at\u0131ld\u0131\u011f\u0131 belirlendi.<\/strong><\/p>\n<p>Edinilen bilgiye g\u00f6re, barajda foto\u011fraf \u00e7ektirmeye giden vatanda\u015flar\u0131n ihbar\u0131 \u00fczerine bulunan kad\u0131n cesedinin, Tufanbeyli&#8217;de pavyonda \u00e7al\u0131\u015fan Bahar Aks\u00fct&#8217;e ait oldu\u011fu tespit edilmi\u015fti. Yap\u0131lan incelemede gen\u00e7 kad\u0131n\u0131n 8 yerinden b\u0131\u00e7akland\u0131ktan sonra baraja at\u0131ld\u0131\u011f\u0131 belirlenmi\u015fti.<\/p>\n<p>Olay\u0131 derinle\u015ftiren jandarma ekipleri, cinayetin \u015f\u00fcphelisinin Yeni Cami Mahallesi Muhtar\u0131, evli ve 2 engelli \u00e7ocuk babas\u0131 44 ya\u015f\u0131ndaki Mustafa Ar\u0131kan oldu\u011funu ortaya \u00e7\u0131kard\u0131. \u0130ddiaya g\u00f6re Ar\u0131kan ile Aks\u00fct aras\u0131nda g\u00f6n\u00fcl ili\u015fkisi bulundu\u011fu, bu ili\u015fkiden hamile kalan gen\u00e7 kad\u0131n\u0131n 7 ayl\u0131k oldu\u011fu \u00f6\u011frenildi. Durumu \u00f6\u011frenen muhtar\u0131n ailesinin bebe\u011fi istemedi\u011fi, Ar\u0131kan&#8217;\u0131n da Aks\u00fct&#8217;e bebe\u011fi ald\u0131rmas\u0131 i\u00e7in bask\u0131 yapt\u0131\u011f\u0131 \u00f6ne s\u00fcr\u00fcld\u00fc.<\/p>\n<p>Cinayetin, 22 \u015eubat g\u00fcn\u00fc gece i\u015flendi\u011fi belirlendi. \u0130ddiaya g\u00f6re Ar\u0131kan, arkada\u015f\u0131 Vural \u00d6. ile birlikte Kahramanmara\u015f&#8217;\u0131n Elbistan il\u00e7esine giderek Bahar Aks\u00fct ve arkada\u015f\u0131 Kader K.&#8217;yi (25) al\u0131p Tufanbeyli&#8217;ye getirdi. Daha sonra Kader K. ve Vural \u00d6. (37) evde kal\u0131rken muhtar Bahar Aks\u00fct&#8217;\u00fc alarak K\u00fcrebeli Yaylas\u0131&#8217;ndaki baraj kenar\u0131na g\u00f6t\u00fcrd\u00fc. Burada gen\u00e7 kad\u0131na bebe\u011fi ald\u0131rmas\u0131n\u0131 isteyen Ar\u0131kan, olumsuz yan\u0131t al\u0131nca sinirlenerek 7 ayl\u0131k hamile Aks\u00fct&#8217;\u00fc, 8 yerinden b\u0131\u00e7aklayarak \u00f6ld\u00fcrd\u00fc.<\/p>\n<p>&nbsp;<\/p>\n<p>&#8220;CESET BULUNMASIN D\u0130YE BUZU KIRIP GEN\u00c7 KADINI BARAJA ATTI&#8221;<\/p>\n<p>Muhtar, gen\u00e7 kad\u0131n\u0131 \u00f6ld\u00fcrd\u00fckten sonra cesedin bulunmamas\u0131 i\u00e7in baraja atmay\u0131 denedi. Ancak baraj so\u011fuktan dolay\u0131 buz tuttu\u011fu i\u00e7in atamad\u0131. Bunun \u00fczerine ara\u00e7tan balyoz alarak buzu k\u0131r\u0131p gen\u00e7 kad\u0131n\u0131 baraja att\u0131. Daha sonrada Kader K. ve Vural \u00d6.&#8217;n\u00fcn oldu\u011fu eve geldi. Bir s\u00fcre sonra muhtar cesedin d\u0131\u015far\u0131 \u00e7\u0131kaca\u011f\u0131n\u0131 d\u00fc\u015f\u00fcnerek Vural \u00d6. ve Kader K.&#8217;yi al\u0131p olay yerine gitti. Muhtar cesedi att\u0131\u011f\u0131 yere bak\u0131p gen\u00e7 kad\u0131n\u0131n y\u00fczeye \u00e7\u0131kmad\u0131\u011f\u0131n\u0131 g\u00f6r\u00fcnce tekrar Tufanbeyli&#8217;ye d\u00f6nd\u00fc.<\/p>\n<p>Cinayete tan\u0131k olan Kader K.&#8217;yi de \u00f6ld\u00fcrmek isteyen zanl\u0131n\u0131n, gen\u00e7 kad\u0131n\u0131n yalvarmas\u0131 \u00fczerine bundan vazge\u00e7ti\u011fi ileri s\u00fcr\u00fcld\u00fc.<\/p>\n<p>Cesedin bulunmas\u0131n\u0131n ard\u0131ndan harekete ge\u00e7en jandarma ekipleri, muhtar Mustafa Ar\u0131kan ile birlikte olayla ba\u011flant\u0131l\u0131 \u00e7ok say\u0131da ki\u015fiyi g\u00f6zalt\u0131na ald\u0131. Ar\u0131kan&#8217;\u0131n sorgusunda cinayeti itiraf etti\u011fi, olay\u0131 Vural \u00d6. ile Kader K.&#8217;nin de bildi\u011fini s\u00f6yledi\u011fi \u00f6\u011frenildi.<\/p>\n<p>Jandarmadaki i\u015flemlerinin ard\u0131ndan adliyeye sevk edilen muhtar Mustafa Ar\u0131kan &#8220;kasten \u00f6ld\u00fcrme&#8221; su\u00e7undan tutuklan\u0131rken, di\u011fer iki \u015f\u00fcpheli &#8220;yard\u0131m ve yatakl\u0131k&#8221; su\u00e7lamas\u0131yla cezaevine g\u00f6nderildi.<\/p>\n","protected":false},"excerpt":{"rendered":"<p>Adana&#8217;n\u0131n Tufanbeyli il\u00e7esinde K\u00fcrebeli Baraj\u0131&#8217;nda \u00f6l\u00fc bulunan 24 ya\u015f\u0131ndaki Bahar Aks\u00fct cinayetinin kan donduran detaylar\u0131 ortaya \u00e7\u0131kt\u0131. 7 ayl\u0131k hamile oldu\u011fu \u00f6\u011frenilen gen\u00e7 kad\u0131n\u0131n, pavyonu i\u015fleten mahalle muhtar\u0131 taraf\u0131ndan bebe\u011fi ald\u0131rmad\u0131\u011f\u0131 i\u00e7in b\u0131\u00e7aklanarak \u00f6ld\u00fcr\u00fcld\u00fc\u011f\u00fc, daha sonra baraj\u0131n buzunu k\u0131r\u0131p i\u00e7ine at\u0131ld\u0131\u011f\u0131 belirlendi. Edinilen bilgiye g\u00f6re, barajda foto\u011fraf \u00e7ektirmeye giden vatanda\u015flar\u0131n ihbar\u0131 \u00fczerine bulunan kad\u0131n cesedinin, [&hellip;]<\/p>\n","protected":false},"author":1,"featured_media":6340,"comment_status":"closed","ping_status":"open","sticky":false,"template":"","format":"standard","meta":{"footnotes":""},"categories":[7],"tags":[],"class_list":["post-6339","post","type-post","status-publish","format-standard","has-post-thumbnail","hentry","category-gundem"],"_links":{"self":[{"href":"https:\/\/mersinmuhbir.com\/index.php\/wp-json\/wp\/v2\/posts\/6339","targetHints":{"allow":["GET"]}}],"collection":[{"href":"https:\/\/mersinmuhbir.com\/index.php\/wp-json\/wp\/v2\/posts"}],"about":[{"href":"https:\/\/mersinmuhbir.com\/index.php\/wp-json\/wp\/v2\/types\/post"}],"author":[{"embeddable":true,"href":"https:\/\/mersinmuhbir.com\/index.php\/wp-json\/wp\/v2\/users\/1"}],"replies":[{"embeddable":true,"href":"https:\/\/mersinmuhbir.com\/index.php\/wp-json\/wp\/v2\/comments?post=6339"}],"version-history":[{"count":1,"href":"https:\/\/mersinmuhbir.com\/index.php\/wp-json\/wp\/v2\/posts\/6339\/revisions"}],"predecessor-version":[{"id":6341,"href":"https:\/\/mersinmuhbir.com\/index.php\/wp-json\/wp\/v2\/posts\/6339\/revisions\/6341"}],"wp:featuredmedia":[{"embeddable":true,"href":"https:\/\/mersinmuhbir.com\/index.php\/wp-json\/wp\/v2\/media\/6340"}],"wp:attachment":[{"href":"https:\/\/mersinmuhbir.com\/index.php\/wp-json\/wp\/v2\/media?parent=6339"}],"wp:term":[{"taxonomy":"category","embeddable":true,"href":"https:\/\/mersinmuhbir.com\/index.php\/wp-json\/wp\/v2\/categories?post=6339"},{"taxonomy":"post_tag","embeddable":true,"href":"https:\/\/mersinmuhbir.com\/index.php\/wp-json\/wp\/v2\/tags?post=6339"}],"curies":[{"name":"wp","href":"https:\/\/api.w.org\/{rel}","templated":true}]}}