{"id":6305,"date":"2026-03-25T01:50:03","date_gmt":"2026-03-24T22:50:03","guid":{"rendered":"https:\/\/mersinmuhbir.com\/?p=6305"},"modified":"2026-03-25T01:50:03","modified_gmt":"2026-03-24T22:50:03","slug":"mersinde-kilikya-yolu-bayramda-dogaseverlerin-rotasi-oldu","status":"publish","type":"post","link":"https:\/\/mersinmuhbir.com\/index.php\/2026\/03\/25\/mersinde-kilikya-yolu-bayramda-dogaseverlerin-rotasi-oldu\/","title":{"rendered":"Mersin\u2019de Kilikya Yolu bayramda do\u011faseverlerin rotas\u0131 oldu"},"content":{"rendered":"<p>Mersin\u2019de Ramazan Bayram\u0131 boyunca d\u00fczenlenen y\u00fcr\u00fcy\u00fc\u015f etkinliklerinde do\u011faseverler, Tarihi Kilikya Yolunun farkl\u0131 etaplar\u0131nda hem do\u011fayla bulu\u015ftu hem de kentin tarihi ve k\u00fclt\u00fcrel de\u011ferlerini ke\u015ffetti.<\/p>\n<p>B\u00fcy\u00fck\u015fehir Belediyesi taraf\u0131ndan hayata ge\u00e7irilen Tarihi Kilikya Yolu, Ramazan Bayram\u0131 boyunca da do\u011fa tutkunlar\u0131n\u0131n ilgisini toplad\u0131. Trekin Turkey \u00fcyeleri bayram s\u00fcresince ger\u00e7ekle\u015ftirdikleri y\u00fcr\u00fcy\u00fc\u015f programlar\u0131nda do\u011faseverler hem do\u011fayla bulu\u015ftu hem de kentin tarihi miras\u0131n\u0131 ke\u015ffetti. Y\u00fcr\u00fcy\u00fc\u015f, K\u00fclt\u00fcr, Sanat ve Sosyal \u0130\u015fler Dairesi Ba\u015fkanl\u0131\u011f\u0131 koordinasyonunda ve Zirve Da\u011fc\u0131l\u0131k \u0130htisas Spor Kul\u00fcb\u00fc rehberli\u011finde olumsuz hava \u015fartlar\u0131na ra\u011fmen 4 g\u00fcn boyunca Kilikya Yolunun farkl\u0131 etaplar\u0131nda ger\u00e7ekle\u015ftirildi.<\/p>\n<p>Y\u00fcr\u00fcy\u00fc\u015f, Ramazan Bayram\u0131n\u0131n Arife g\u00fcn\u00fcnde Gilindire Ma\u011faras\u0131, Azize Tekla Yeralt\u0131 Kilisesi ve Silifke Tekfur Ambar\u0131 ziyaretleriyle ba\u015flad\u0131. Kat\u0131l\u0131mc\u0131lar Mersin\u2019in \u00f6nemli turistik noktalar\u0131n\u0131 yak\u0131ndan tan\u0131ma f\u0131rsat\u0131 buldu. Program\u0131n 2. g\u00fcn\u00fc, Kilikya Yolunun Afrodit etaplar\u0131 aras\u0131nda yer alan E\u011frib\u00fck-Mavikent Parkuru y\u00fcr\u00fcnd\u00fc. Uluslararas\u0131 Grande Randonnee standartlar\u0131na uygun k\u0131rm\u0131z\u0131-beyaz i\u015faretlemeleri ve y\u00f6n levhalar\u0131yla dikkat \u00e7eken parkur, kat\u0131l\u0131mc\u0131lardan tam not ald\u0131. Etkinli\u011fin 3. g\u00fcn\u00fcnde yo\u011fun ya\u011fmur alt\u0131nda, Kilikya Yolunun Olba etaplar\u0131ndan; Lamos Kanyonu, S\u00f6mek Ta\u015fge\u00e7it, Doktorun Yeri, Kayac\u0131 Vadisi parkurunda yakla\u015f\u0131k 6 kilometrelik y\u00fcr\u00fcy\u00fc\u015f ger\u00e7ekle\u015ftirildi. G\u00fcn\u00fcn devam\u0131nda da Cennet-Cehennem Obruklar\u0131, Ast\u0131m Ma\u011faras\u0131 ve Kanl\u0131divane gezilerek b\u00f6lgenin tarihi ve do\u011fal zenginlikleri tan\u0131t\u0131ld\u0131. Etkinli\u011fin son g\u00fcn\u00fcnde ise Kilikya Yolunun Mut-Alahan ba\u011flant\u0131s\u0131 \u00fczerinde bulunan Sason Kanyonu parkurunda y\u00fcr\u00fcy\u00fc\u015f yap\u0131ld\u0131. Y\u00fcr\u00fcy\u00fc\u015f program\u0131 Mut \u00c7\u00f6melek K\u00f6y\u00fc ziyareti ile tamamland\u0131.<\/p>\n<p>4 g\u00fcn s\u00fcren etkinlik boyunca kat\u0131l\u0131mc\u0131lar hem Kilikya Yolunun e\u015fsiz do\u011fas\u0131n\u0131 deneyimlediler hem de Mersin\u2019in tarihi ve k\u00fclt\u00fcrel de\u011ferlerini yak\u0131ndan tan\u0131d\u0131lar. Organizasyon sonunda do\u011faseverler memnuniyetle ayr\u0131l\u0131rken, Kilikya Yolunun do\u011fa turizmi a\u00e7\u0131s\u0131ndan ta\u015f\u0131d\u0131\u011f\u0131 potansiyel bir kez daha g\u00f6zler \u00f6n\u00fcne serildi.<\/p>\n","protected":false},"excerpt":{"rendered":"<p>Mersin\u2019de Ramazan Bayram\u0131 boyunca d\u00fczenlenen y\u00fcr\u00fcy\u00fc\u015f etkinliklerinde do\u011faseverler, Tarihi Kilikya Yolunun farkl\u0131 etaplar\u0131nda hem do\u011fayla bulu\u015ftu hem de kentin tarihi ve k\u00fclt\u00fcrel de\u011ferlerini ke\u015ffetti. B\u00fcy\u00fck\u015fehir Belediyesi taraf\u0131ndan hayata ge\u00e7irilen Tarihi Kilikya Yolu, Ramazan Bayram\u0131 boyunca da do\u011fa tutkunlar\u0131n\u0131n ilgisini toplad\u0131. Trekin Turkey \u00fcyeleri bayram s\u00fcresince ger\u00e7ekle\u015ftirdikleri y\u00fcr\u00fcy\u00fc\u015f programlar\u0131nda do\u011faseverler hem do\u011fayla bulu\u015ftu hem de kentin [&hellip;]<\/p>\n","protected":false},"author":1,"featured_media":6306,"comment_status":"closed","ping_status":"open","sticky":false,"template":"","format":"standard","meta":{"footnotes":""},"categories":[259],"tags":[],"class_list":["post-6305","post","type-post","status-publish","format-standard","has-post-thumbnail","hentry","category-mersin"],"_links":{"self":[{"href":"https:\/\/mersinmuhbir.com\/index.php\/wp-json\/wp\/v2\/posts\/6305","targetHints":{"allow":["GET"]}}],"collection":[{"href":"https:\/\/mersinmuhbir.com\/index.php\/wp-json\/wp\/v2\/posts"}],"about":[{"href":"https:\/\/mersinmuhbir.com\/index.php\/wp-json\/wp\/v2\/types\/post"}],"author":[{"embeddable":true,"href":"https:\/\/mersinmuhbir.com\/index.php\/wp-json\/wp\/v2\/users\/1"}],"replies":[{"embeddable":true,"href":"https:\/\/mersinmuhbir.com\/index.php\/wp-json\/wp\/v2\/comments?post=6305"}],"version-history":[{"count":1,"href":"https:\/\/mersinmuhbir.com\/index.php\/wp-json\/wp\/v2\/posts\/6305\/revisions"}],"predecessor-version":[{"id":6307,"href":"https:\/\/mersinmuhbir.com\/index.php\/wp-json\/wp\/v2\/posts\/6305\/revisions\/6307"}],"wp:featuredmedia":[{"embeddable":true,"href":"https:\/\/mersinmuhbir.com\/index.php\/wp-json\/wp\/v2\/media\/6306"}],"wp:attachment":[{"href":"https:\/\/mersinmuhbir.com\/index.php\/wp-json\/wp\/v2\/media?parent=6305"}],"wp:term":[{"taxonomy":"category","embeddable":true,"href":"https:\/\/mersinmuhbir.com\/index.php\/wp-json\/wp\/v2\/categories?post=6305"},{"taxonomy":"post_tag","embeddable":true,"href":"https:\/\/mersinmuhbir.com\/index.php\/wp-json\/wp\/v2\/tags?post=6305"}],"curies":[{"name":"wp","href":"https:\/\/api.w.org\/{rel}","templated":true}]}}