{"id":6191,"date":"2026-03-06T01:51:39","date_gmt":"2026-03-05T22:51:39","guid":{"rendered":"https:\/\/www.mersinmuhbir.com\/?p=6191"},"modified":"2026-03-06T01:51:39","modified_gmt":"2026-03-05T22:51:39","slug":"adanada-kardesler-arasinda-alacak-verecek-kavgasi","status":"publish","type":"post","link":"https:\/\/mersinmuhbir.com\/index.php\/2026\/03\/06\/adanada-kardesler-arasinda-alacak-verecek-kavgasi\/","title":{"rendered":"Adana&#8217;da karde\u015fler aras\u0131nda &#8220;alacak-verecek&#8221; kavgas\u0131"},"content":{"rendered":"<p><strong>Adana\u2019da alacak-verecek meselesi y\u00fcz\u00fcnden iki karde\u015f sokak ortas\u0131nda kavgaya tutu\u015ftu. Hafif ticari ara\u00e7la olay yerine gelen karde\u015f, ara\u00e7tan inerek di\u011ferine sald\u0131rd\u0131. \u0130ki karde\u015fin birbirine yumruklarla sald\u0131rd\u0131\u011f\u0131 anlar kameraya yans\u0131d\u0131.<\/strong><\/p>\n<p>Olay, 4 Mart&#8217;ta Seyhan il\u00e7esine ba\u011fl\u0131 Saydam Caddesi\u2019nde meydana geldi. \u0130ddiaya g\u00f6re aralar\u0131nda alacak-verecek meselesi bulunan iki karde\u015f, cadde \u00fczerinde kar\u015f\u0131 kar\u015f\u0131ya geldi. Hafif ticari ara\u00e7la gelen karde\u015f, ara\u00e7tan iner inmez di\u011fer karde\u015fine sald\u0131rd\u0131.<\/p>\n<p>\u0130kili aras\u0131nda ba\u015flayan yumruklu kavga \u00e7evrede k\u0131sa s\u00fcreli pani\u011fe neden olurken, ya\u015fananlar bir i\u015f yerinin g\u00fcvenlik kameras\u0131 taraf\u0131ndan kaydedildi. Kavgan\u0131n ard\u0131ndan ara\u00e7tan inen ki\u015fi yeniden arac\u0131na binerek olay yerinden uzakla\u015ft\u0131.<\/p>\n","protected":false},"excerpt":{"rendered":"<p>Adana\u2019da alacak-verecek meselesi y\u00fcz\u00fcnden iki karde\u015f sokak ortas\u0131nda kavgaya tutu\u015ftu. Hafif ticari ara\u00e7la olay yerine gelen karde\u015f, ara\u00e7tan inerek di\u011ferine sald\u0131rd\u0131. \u0130ki karde\u015fin birbirine yumruklarla sald\u0131rd\u0131\u011f\u0131 anlar kameraya yans\u0131d\u0131. Olay, 4 Mart&#8217;ta Seyhan il\u00e7esine ba\u011fl\u0131 Saydam Caddesi\u2019nde meydana geldi. \u0130ddiaya g\u00f6re aralar\u0131nda alacak-verecek meselesi bulunan iki karde\u015f, cadde \u00fczerinde kar\u015f\u0131 kar\u015f\u0131ya geldi. Hafif ticari ara\u00e7la [&hellip;]<\/p>\n","protected":false},"author":1,"featured_media":6192,"comment_status":"closed","ping_status":"open","sticky":false,"template":"","format":"standard","meta":{"footnotes":""},"categories":[269],"tags":[],"class_list":["post-6191","post","type-post","status-publish","format-standard","has-post-thumbnail","hentry","category-asayis"],"_links":{"self":[{"href":"https:\/\/mersinmuhbir.com\/index.php\/wp-json\/wp\/v2\/posts\/6191","targetHints":{"allow":["GET"]}}],"collection":[{"href":"https:\/\/mersinmuhbir.com\/index.php\/wp-json\/wp\/v2\/posts"}],"about":[{"href":"https:\/\/mersinmuhbir.com\/index.php\/wp-json\/wp\/v2\/types\/post"}],"author":[{"embeddable":true,"href":"https:\/\/mersinmuhbir.com\/index.php\/wp-json\/wp\/v2\/users\/1"}],"replies":[{"embeddable":true,"href":"https:\/\/mersinmuhbir.com\/index.php\/wp-json\/wp\/v2\/comments?post=6191"}],"version-history":[{"count":0,"href":"https:\/\/mersinmuhbir.com\/index.php\/wp-json\/wp\/v2\/posts\/6191\/revisions"}],"wp:featuredmedia":[{"embeddable":true,"href":"https:\/\/mersinmuhbir.com\/index.php\/wp-json\/wp\/v2\/media\/6192"}],"wp:attachment":[{"href":"https:\/\/mersinmuhbir.com\/index.php\/wp-json\/wp\/v2\/media?parent=6191"}],"wp:term":[{"taxonomy":"category","embeddable":true,"href":"https:\/\/mersinmuhbir.com\/index.php\/wp-json\/wp\/v2\/categories?post=6191"},{"taxonomy":"post_tag","embeddable":true,"href":"https:\/\/mersinmuhbir.com\/index.php\/wp-json\/wp\/v2\/tags?post=6191"}],"curies":[{"name":"wp","href":"https:\/\/api.w.org\/{rel}","templated":true}]}}