{"id":6155,"date":"2026-03-04T12:14:15","date_gmt":"2026-03-04T09:14:15","guid":{"rendered":"https:\/\/www.mersinmuhbir.com\/?p=6155"},"modified":"2026-03-04T12:14:15","modified_gmt":"2026-03-04T09:14:15","slug":"suphe-uzerine-evine-kurdugu-kamerayi-izleyince-dehsete-dusmustu","status":"publish","type":"post","link":"https:\/\/mersinmuhbir.com\/index.php\/2026\/03\/04\/suphe-uzerine-evine-kurdugu-kamerayi-izleyince-dehsete-dusmustu\/","title":{"rendered":"\u015e\u00fcphe \u00fczerine evine kurdu\u011fu kameray\u0131 izleyince deh\u015fete d\u00fc\u015fm\u00fc\u015ft\u00fc"},"content":{"rendered":"<p><strong>Antalya&#8217;da 1 ya\u015f\u0131ndaki k\u0131z bebe\u011fini darp etti\u011fi anlar, baban\u0131n \u015f\u00fcphe \u00fczerine eve yerle\u015ftirdi\u011fi g\u00fcvenlik kameras\u0131na yans\u0131yan yabanc\u0131 uyruklu anne \u0130mane Moti&#8217;nin yarg\u0131land\u0131\u011f\u0131 davada karar \u00e7\u0131kt\u0131. Mahkeme, san\u0131k anneyi &#8216;eziyet&#8217; su\u00e7undan 6 y\u0131l hapis cezas\u0131na \u00e7arpt\u0131rd\u0131. Mahkeme heyeti san\u0131k hakk\u0131nda herhangi bir indirim uygulamad\u0131.<\/strong><\/p>\n<p>Antalya&#8217;da 1 ya\u015f\u0131ndaki k\u0131z bebe\u011fin, yabanc\u0131 uyruklu annesi \u0130mane Moti taraf\u0131ndan darp edildi\u011fi anlar\u0131n g\u00fcvenlik kameras\u0131na yans\u0131mas\u0131n\u0131n ard\u0131ndan a\u00e7\u0131lan davada karar duru\u015fmas\u0131 g\u00f6r\u00fcld\u00fc. Olay, bebe\u011fin babas\u0131 Osman Vesek&#8217;in \u00e7ocu\u011fun v\u00fccudundaki morluklardan \u015f\u00fcphelenmesi \u00fczerine eve gizli kamera yerle\u015ftirmesiyle ortaya \u00e7\u0131kt\u0131. Vesek&#8217;in yerle\u015ftirdi\u011fi g\u00fcvenlik kameras\u0131, evde ya\u015fanan \u015fiddet anlar\u0131n\u0131 saniye saniye kaydetti. G\u00f6r\u00fcnt\u00fclerde annenin bebe\u011fine defalarca tokat att\u0131\u011f\u0131, terlikle vurdu\u011fu ve ayaklar\u0131ndan tutarak koltu\u011fa f\u0131rlatt\u0131\u011f\u0131 anlar\u0131n yer ald\u0131\u011f\u0131 g\u00f6r\u00fcld\u00fc. G\u00f6r\u00fcnt\u00fcleri izleyen baba Osman Vesek, Antalya Adliyesi&#8217;ne gelerek Fas uyruklu e\u015fi \u0130mane Moti hakk\u0131nda su\u00e7 duyurusunda bulundu. \u015eik\u00e2yetin ard\u0131ndan g\u00f6zalt\u0131na al\u0131nan anne, \u00e7\u0131kar\u0131ld\u0131\u011f\u0131 n\u00f6bet\u00e7i sulh ceza h\u00e2kimli\u011fince tutukland\u0131.<\/p>\n<p>&nbsp;<\/p>\n<h3>ADL\u0130 TIP RAPORUNDA DARP \u0130ZLER\u0130 TESP\u0130T ED\u0130LD\u0130<\/h3>\n<p>Antalya Cumhuriyet Ba\u015fsavc\u0131l\u0131\u011f\u0131 taraf\u0131ndan haz\u0131rlanan iddianamede, bebe\u011fin muayenesine ili\u015fkin adli t\u0131p raporuna da yer verildi. Raporda, bebe\u011fin sol yana\u011f\u0131nda ve dudak \u00e7evresinde k\u0131zar\u0131kl\u0131klar, kol ve el s\u0131rt\u0131nda morluklar ile v\u00fccudunun \u00e7e\u015fitli b\u00f6lgelerinde darp izleri tespit edildi\u011fi belirtildi.<\/p>\n<p>Yaralanmalar\u0131n hayati tehlike olu\u015fturmad\u0131\u011f\u0131 ancak darp sonucu meydana geldi\u011fi, izlerin foto\u011fraflanarak rapora eklendi\u011fi kaydedildi. Savc\u0131l\u0131k, bebe\u011fin kendisini savunamayacak ya\u015fta olmas\u0131, \u015fiddetin farkl\u0131 g\u00fcnlerde tekrar etmesi ve s\u00fcreklilik g\u00f6stermesi nedeniyle eylemlerin &#8216;eziyet&#8217; kapsam\u0131nda de\u011ferlendirilmesi gerekti\u011fini vurgulad\u0131. Bu kapsamda \u015f\u00fcpheli hakk\u0131nda &#8216;altsoya ve \u00e7ocu\u011fa kar\u015f\u0131 eziyet&#8217; su\u00e7undan dava a\u00e7\u0131ld\u0131.<\/p>\n<p>&nbsp;<\/p>\n<h3>&#8220;PS\u0130KOLOJ\u0130M BOZULDU, \u00c7OK P\u0130\u015eMANIM&#8221;<\/h3>\n<p>Antalya 34. Asliye Ceza Mahkemesi&#8217;nde g\u00f6r\u00fclen davan\u0131n ilk duru\u015fmas\u0131nda tutuklu san\u0131k \u0130mane Moti, savunmas\u0131nda pi\u015fman oldu\u011funu dile getirerek \u015fu ifadeleri kullanm\u0131\u015ft\u0131:<\/p>\n<p>&#8220;Psikolojim bozuldu, \u00e7ok pi\u015fman\u0131m. K\u0131z\u0131m\u0131 \u00f6zledim. Aya\u011f\u0131ndan tutup vurdu\u011fum i\u00e7in \u00e7ok pi\u015fman\u0131m. Kamera g\u00f6r\u00fcnt\u00fclerini yaparken fark\u0131nda de\u011fildim, emniyette izleyince ne yapt\u0131\u011f\u0131m\u0131 anlad\u0131m.&#8221;<\/p>\n<p>Baba Osman Vesek ise ailesinin uyar\u0131lar\u0131 \u00fczerine eve gizli kamera kurdurdu\u011funu belirterek, kamera kurulmadan \u00f6nce de bebe\u011fin v\u00fccudunda k\u0131zar\u0131kl\u0131klar fark etti\u011fini s\u00f6yleyerek, san\u0131\u011f\u0131n bu izleri kendisine &#8216;sivrisinek \u0131s\u0131r\u0131\u011f\u0131&#8217; ve &#8216;d\u00fc\u015ft\u00fc&#8217; \u015feklinde a\u00e7\u0131klad\u0131\u011f\u0131n\u0131 ifade etmi\u015fti.<\/p>\n<p>&nbsp;<\/p>\n<h3>MAHKEME KARARINI A\u00c7IKLADI<\/h3>\n<p>Antalya 34. Asliye Ceza Mahkemesi&#8217;nde g\u00f6r\u00fclen davan\u0131n karar duru\u015fmas\u0131 d\u00fcn yap\u0131ld\u0131. Tutuklu san\u0131k \u0130mane Moti, &#8216;altsoya kar\u015f\u0131 eziyet ve basit yaralama&#8217; su\u00e7lamalar\u0131yla yeniden hakim kar\u015f\u0131s\u0131na \u00e7\u0131kt\u0131. San\u0131k duru\u015fmada pi\u015fman oldu\u011funu ifade ederek beraatini talep etti.<\/p>\n","protected":false},"excerpt":{"rendered":"<p>Antalya&#8217;da 1 ya\u015f\u0131ndaki k\u0131z bebe\u011fini darp etti\u011fi anlar, baban\u0131n \u015f\u00fcphe \u00fczerine eve yerle\u015ftirdi\u011fi g\u00fcvenlik kameras\u0131na yans\u0131yan yabanc\u0131 uyruklu anne \u0130mane Moti&#8217;nin yarg\u0131land\u0131\u011f\u0131 davada karar \u00e7\u0131kt\u0131. Mahkeme, san\u0131k anneyi &#8216;eziyet&#8217; su\u00e7undan 6 y\u0131l hapis cezas\u0131na \u00e7arpt\u0131rd\u0131. Mahkeme heyeti san\u0131k hakk\u0131nda herhangi bir indirim uygulamad\u0131. Antalya&#8217;da 1 ya\u015f\u0131ndaki k\u0131z bebe\u011fin, yabanc\u0131 uyruklu annesi \u0130mane Moti taraf\u0131ndan darp [&hellip;]<\/p>\n","protected":false},"author":1,"featured_media":6156,"comment_status":"closed","ping_status":"open","sticky":false,"template":"","format":"standard","meta":{"footnotes":""},"categories":[7],"tags":[],"class_list":["post-6155","post","type-post","status-publish","format-standard","has-post-thumbnail","hentry","category-gundem"],"_links":{"self":[{"href":"https:\/\/mersinmuhbir.com\/index.php\/wp-json\/wp\/v2\/posts\/6155","targetHints":{"allow":["GET"]}}],"collection":[{"href":"https:\/\/mersinmuhbir.com\/index.php\/wp-json\/wp\/v2\/posts"}],"about":[{"href":"https:\/\/mersinmuhbir.com\/index.php\/wp-json\/wp\/v2\/types\/post"}],"author":[{"embeddable":true,"href":"https:\/\/mersinmuhbir.com\/index.php\/wp-json\/wp\/v2\/users\/1"}],"replies":[{"embeddable":true,"href":"https:\/\/mersinmuhbir.com\/index.php\/wp-json\/wp\/v2\/comments?post=6155"}],"version-history":[{"count":0,"href":"https:\/\/mersinmuhbir.com\/index.php\/wp-json\/wp\/v2\/posts\/6155\/revisions"}],"wp:featuredmedia":[{"embeddable":true,"href":"https:\/\/mersinmuhbir.com\/index.php\/wp-json\/wp\/v2\/media\/6156"}],"wp:attachment":[{"href":"https:\/\/mersinmuhbir.com\/index.php\/wp-json\/wp\/v2\/media?parent=6155"}],"wp:term":[{"taxonomy":"category","embeddable":true,"href":"https:\/\/mersinmuhbir.com\/index.php\/wp-json\/wp\/v2\/categories?post=6155"},{"taxonomy":"post_tag","embeddable":true,"href":"https:\/\/mersinmuhbir.com\/index.php\/wp-json\/wp\/v2\/tags?post=6155"}],"curies":[{"name":"wp","href":"https:\/\/api.w.org\/{rel}","templated":true}]}}