{"id":5630,"date":"2025-07-04T14:15:47","date_gmt":"2025-07-04T11:15:47","guid":{"rendered":"https:\/\/www.mersinmuhbir.com\/?p=5630"},"modified":"2025-07-04T14:15:47","modified_gmt":"2025-07-04T11:15:47","slug":"erdemli-sahilinde-aci-olay-74-yasindaki-adam-bogularak-can-verdi","status":"publish","type":"post","link":"https:\/\/mersinmuhbir.com\/index.php\/2025\/07\/04\/erdemli-sahilinde-aci-olay-74-yasindaki-adam-bogularak-can-verdi\/","title":{"rendered":"Erdemli Sahilinde Ac\u0131 Olay: 74 Ya\u015f\u0131ndaki Adam Bo\u011fularak Can Verdi"},"content":{"rendered":"<p>Mersin&#8217;in Erdemli il\u00e7esi T\u00f6m\u00fck Mahallesi sahilinde sabah saatlerinde ya\u015fanan \u00fcz\u00fcc\u00fc olayda, 74 ya\u015f\u0131ndaki Mehmet A. isimli bir vatanda\u015f denizde bo\u011fularak hayat\u0131n\u0131 kaybetti.<\/p>\n<p>G\u00f6rg\u00fc tan\u0131klar\u0131n\u0131n ifadesine g\u00f6re, sabah saatlerinde y\u00fczmek i\u00e7in denize giren Mehmet A.\u2019n\u0131n bir s\u00fcre sonra hareketsiz kald\u0131\u011f\u0131 fark edildi. Durumun bildirilmesi \u00fczerine olay yerine sa\u011fl\u0131k, jandarma ve sahil g\u00fcvenlik ekipleri sevk edildi.<\/p>\n<p>Denizden \u00e7\u0131kar\u0131lan ya\u015fl\u0131 adam\u0131n ya\u015fam\u0131n\u0131 yitirdi\u011fi belirlendi. Emekli uzman \u00e7avu\u015f oldu\u011fu \u00f6\u011frenilen Mehmet A.\u2019n\u0131n cenazesi, kesin \u00f6l\u00fcm nedeninin belirlenmesi i\u00e7in otopsi yap\u0131lmak \u00fczere hastane morguna kald\u0131r\u0131ld\u0131.<\/p>\n<p>Yetkililer, olayla ilgili inceleme ba\u015flatt\u0131.<\/p>\n","protected":false},"excerpt":{"rendered":"<p>Mersin&#8217;in Erdemli il\u00e7esi T\u00f6m\u00fck Mahallesi sahilinde sabah saatlerinde ya\u015fanan \u00fcz\u00fcc\u00fc olayda, 74 ya\u015f\u0131ndaki Mehmet A. isimli bir vatanda\u015f denizde bo\u011fularak hayat\u0131n\u0131 kaybetti. G\u00f6rg\u00fc tan\u0131klar\u0131n\u0131n ifadesine g\u00f6re, sabah saatlerinde y\u00fczmek i\u00e7in denize giren Mehmet A.\u2019n\u0131n bir s\u00fcre sonra hareketsiz kald\u0131\u011f\u0131 fark edildi. Durumun bildirilmesi \u00fczerine olay yerine sa\u011fl\u0131k, jandarma ve sahil g\u00fcvenlik ekipleri sevk edildi. Denizden [&hellip;]<\/p>\n","protected":false},"author":1,"featured_media":5631,"comment_status":"open","ping_status":"open","sticky":false,"template":"","format":"standard","meta":{"footnotes":""},"categories":[269],"tags":[],"class_list":["post-5630","post","type-post","status-publish","format-standard","has-post-thumbnail","hentry","category-asayis"],"_links":{"self":[{"href":"https:\/\/mersinmuhbir.com\/index.php\/wp-json\/wp\/v2\/posts\/5630","targetHints":{"allow":["GET"]}}],"collection":[{"href":"https:\/\/mersinmuhbir.com\/index.php\/wp-json\/wp\/v2\/posts"}],"about":[{"href":"https:\/\/mersinmuhbir.com\/index.php\/wp-json\/wp\/v2\/types\/post"}],"author":[{"embeddable":true,"href":"https:\/\/mersinmuhbir.com\/index.php\/wp-json\/wp\/v2\/users\/1"}],"replies":[{"embeddable":true,"href":"https:\/\/mersinmuhbir.com\/index.php\/wp-json\/wp\/v2\/comments?post=5630"}],"version-history":[{"count":0,"href":"https:\/\/mersinmuhbir.com\/index.php\/wp-json\/wp\/v2\/posts\/5630\/revisions"}],"wp:featuredmedia":[{"embeddable":true,"href":"https:\/\/mersinmuhbir.com\/index.php\/wp-json\/wp\/v2\/media\/5631"}],"wp:attachment":[{"href":"https:\/\/mersinmuhbir.com\/index.php\/wp-json\/wp\/v2\/media?parent=5630"}],"wp:term":[{"taxonomy":"category","embeddable":true,"href":"https:\/\/mersinmuhbir.com\/index.php\/wp-json\/wp\/v2\/categories?post=5630"},{"taxonomy":"post_tag","embeddable":true,"href":"https:\/\/mersinmuhbir.com\/index.php\/wp-json\/wp\/v2\/tags?post=5630"}],"curies":[{"name":"wp","href":"https:\/\/api.w.org\/{rel}","templated":true}]}}