{"id":5480,"date":"2025-07-02T09:35:05","date_gmt":"2025-07-02T06:35:05","guid":{"rendered":"https:\/\/www.mersinmuhbir.com\/?p=5480"},"modified":"2025-07-02T09:35:05","modified_gmt":"2025-07-02T06:35:05","slug":"cukurova-tarim-mudurlugunden-personeline-anlamli-takdir","status":"publish","type":"post","link":"https:\/\/mersinmuhbir.com\/index.php\/2025\/07\/02\/cukurova-tarim-mudurlugunden-personeline-anlamli-takdir\/","title":{"rendered":"\u00c7ukurova Tar\u0131m M\u00fcd\u00fcrl\u00fc\u011f\u00fc\u2019nden Personeline Anlaml\u0131 Takdir"},"content":{"rendered":"<p>Adana&#8217;n\u0131n \u00c7ukurova il\u00e7esinde tar\u0131m ve hayvanc\u0131l\u0131k alan\u0131nda g\u00f6sterdikleri \u00fcst\u00fcn gayretlerle dikkat \u00e7eken 16 \u0130l\u00e7e Tar\u0131m ve Orman M\u00fcd\u00fcrl\u00fc\u011f\u00fc personeline ba\u015far\u0131 belgeleri takdim edildi.<\/p>\n<p>D\u00fczenlenen t\u00f6rende konu\u015fan \u0130l\u00e7e Tar\u0131m ve Orman M\u00fcd\u00fcr\u00fc H\u00fcseyin Tunaz, ekip olarak s\u00fcrd\u00fcr\u00fclebilir tar\u0131m ve g\u0131da g\u00fcvenli\u011fi i\u00e7in b\u00fcy\u00fck bir \u00f6zveriyle \u00e7al\u0131\u015ft\u0131klar\u0131n\u0131 belirtti. Tunaz, \u201cBug\u00fcn burada \u00f6d\u00fcllendirdi\u011fimiz arkada\u015flar\u0131m\u0131z, asl\u0131nda sahadaki t\u00fcm personelimizin eme\u011finin bir yans\u0131mas\u0131. \u0130simleri bu listede yer almayan ancak ayn\u0131 kararl\u0131l\u0131kla \u00e7al\u0131\u015fan herkesin katk\u0131s\u0131 bizim i\u00e7in k\u0131ymetli\u201d dedi.<\/p>\n<p>M\u00fcd\u00fcr Tunaz, ayn\u0131 t\u00f6rende \u00c7ukurova Kaymakam\u0131 H\u00fcseyin Tekin taraf\u0131ndan da ba\u015far\u0131 belgesiyle onurland\u0131r\u0131ld\u0131. Konu\u015fmas\u0131nda ekip arkada\u015flar\u0131na te\u015fekk\u00fcr eden Tunaz, tar\u0131msal kalk\u0131nma hedeflerine ula\u015fmak ad\u0131na \u00e7al\u0131\u015fmalar\u0131na ayn\u0131 tempo ve inan\u00e7la devam edeceklerini vurgulad\u0131.<\/p>\n<p>&nbsp;<\/p>\n","protected":false},"excerpt":{"rendered":"<p>Adana&#8217;n\u0131n \u00c7ukurova il\u00e7esinde tar\u0131m ve hayvanc\u0131l\u0131k alan\u0131nda g\u00f6sterdikleri \u00fcst\u00fcn gayretlerle dikkat \u00e7eken 16 \u0130l\u00e7e Tar\u0131m ve Orman M\u00fcd\u00fcrl\u00fc\u011f\u00fc personeline ba\u015far\u0131 belgeleri takdim edildi. D\u00fczenlenen t\u00f6rende konu\u015fan \u0130l\u00e7e Tar\u0131m ve Orman M\u00fcd\u00fcr\u00fc H\u00fcseyin Tunaz, ekip olarak s\u00fcrd\u00fcr\u00fclebilir tar\u0131m ve g\u0131da g\u00fcvenli\u011fi i\u00e7in b\u00fcy\u00fck bir \u00f6zveriyle \u00e7al\u0131\u015ft\u0131klar\u0131n\u0131 belirtti. Tunaz, \u201cBug\u00fcn burada \u00f6d\u00fcllendirdi\u011fimiz arkada\u015flar\u0131m\u0131z, asl\u0131nda sahadaki t\u00fcm personelimizin [&hellip;]<\/p>\n","protected":false},"author":1,"featured_media":5483,"comment_status":"open","ping_status":"open","sticky":false,"template":"","format":"standard","meta":{"footnotes":""},"categories":[7],"tags":[],"class_list":["post-5480","post","type-post","status-publish","format-standard","has-post-thumbnail","hentry","category-gundem"],"_links":{"self":[{"href":"https:\/\/mersinmuhbir.com\/index.php\/wp-json\/wp\/v2\/posts\/5480","targetHints":{"allow":["GET"]}}],"collection":[{"href":"https:\/\/mersinmuhbir.com\/index.php\/wp-json\/wp\/v2\/posts"}],"about":[{"href":"https:\/\/mersinmuhbir.com\/index.php\/wp-json\/wp\/v2\/types\/post"}],"author":[{"embeddable":true,"href":"https:\/\/mersinmuhbir.com\/index.php\/wp-json\/wp\/v2\/users\/1"}],"replies":[{"embeddable":true,"href":"https:\/\/mersinmuhbir.com\/index.php\/wp-json\/wp\/v2\/comments?post=5480"}],"version-history":[{"count":0,"href":"https:\/\/mersinmuhbir.com\/index.php\/wp-json\/wp\/v2\/posts\/5480\/revisions"}],"wp:featuredmedia":[{"embeddable":true,"href":"https:\/\/mersinmuhbir.com\/index.php\/wp-json\/wp\/v2\/media\/5483"}],"wp:attachment":[{"href":"https:\/\/mersinmuhbir.com\/index.php\/wp-json\/wp\/v2\/media?parent=5480"}],"wp:term":[{"taxonomy":"category","embeddable":true,"href":"https:\/\/mersinmuhbir.com\/index.php\/wp-json\/wp\/v2\/categories?post=5480"},{"taxonomy":"post_tag","embeddable":true,"href":"https:\/\/mersinmuhbir.com\/index.php\/wp-json\/wp\/v2\/tags?post=5480"}],"curies":[{"name":"wp","href":"https:\/\/api.w.org\/{rel}","templated":true}]}}