{"id":5473,"date":"2025-07-01T16:40:02","date_gmt":"2025-07-01T13:40:02","guid":{"rendered":"https:\/\/www.mersinmuhbir.com\/?p=5473"},"modified":"2025-07-01T16:40:02","modified_gmt":"2025-07-01T13:40:02","slug":"tarsusta-hizmet-seferberligi-saglik-sosyal-destek-ve-altyapi-gundemde","status":"publish","type":"post","link":"https:\/\/mersinmuhbir.com\/index.php\/2025\/07\/01\/tarsusta-hizmet-seferberligi-saglik-sosyal-destek-ve-altyapi-gundemde\/","title":{"rendered":"Tarsus\u2019ta Hizmet Seferberli\u011fi: Sa\u011fl\u0131k, Sosyal Destek ve Altyap\u0131 G\u00fcndemde"},"content":{"rendered":"<p>Mersin Tarsus Belediyesi\u2019nin Temmuz ay\u0131 ola\u011fan meclis toplant\u0131s\u0131, Belediye Ba\u015fkan\u0131 Ali Bolta\u00e7 ba\u015fkanl\u0131\u011f\u0131nda yap\u0131ld\u0131. Geni\u015f bir hizmet yelpazesiyle kamuoyunun kar\u015f\u0131s\u0131na \u00e7\u0131kan Ba\u015fkan Bolta\u00e7; g\u0131da denetimleri, ya\u015fl\u0131 ve hasta bireyler i\u00e7in yap\u0131lmas\u0131 planlanan merkezler, bar\u0131nak kapasitesindeki art\u0131\u015f ve park projeleri gibi konularla ilgili kapsaml\u0131 bilgiler payla\u015ft\u0131.<\/p>\n<p>Toplant\u0131n\u0131n ilk oturumunda belediye m\u00fcd\u00fcrl\u00fcklerinden gelen evraklar g\u00f6r\u00fc\u015f\u00fclerek karara ba\u011fland\u0131. Toplant\u0131n\u0131n ana g\u00fcndemini ise vatanda\u015flar\u0131n ya\u015fam kalitesini art\u0131rmaya y\u00f6nelik projeler olu\u015fturdu.<\/p>\n<p><img loading=\"lazy\" decoding=\"async\" class=\"alignnone wp-image-5474\" src=\"https:\/\/www.mersinmuhbir.com\/wp-content\/uploads\/2025\/07\/4-300x169.jpg\" alt=\"\" width=\"600\" height=\"338\" srcset=\"https:\/\/mersinmuhbir.com\/wp-content\/uploads\/2025\/07\/4-300x169.jpg 300w, https:\/\/mersinmuhbir.com\/wp-content\/uploads\/2025\/07\/4-1024x576.jpg 1024w, https:\/\/mersinmuhbir.com\/wp-content\/uploads\/2025\/07\/4-768x432.jpg 768w, https:\/\/mersinmuhbir.com\/wp-content\/uploads\/2025\/07\/4-1536x864.jpg 1536w, https:\/\/mersinmuhbir.com\/wp-content\/uploads\/2025\/07\/4.jpg 1920w\" sizes=\"auto, (max-width: 600px) 100vw, 600px\" \/><\/p>\n<h2><strong>G\u0131da denetimleri s\u0131k\u0131la\u015f\u0131yor<\/strong><\/h2>\n<p>Toplum sa\u011fl\u0131\u011f\u0131n\u0131 ilgilendiren g\u0131da g\u00fcvenli\u011fi konusuna dikkat \u00e7eken Ba\u015fkan Bolta\u00e7, son d\u00f6nemlerde yap\u0131lan denetimlerde son kullanma tarihi ge\u00e7mi\u015f bir\u00e7ok \u00fcr\u00fcn tespit edildi\u011fini vurgulad\u0131. \u201cVatanda\u015flar\u0131m\u0131z\u0131n sa\u011fl\u0131\u011f\u0131n\u0131 riske atamay\u0131z\u201d diyen Bolta\u00e7, yap\u0131lan ihlallerde ilk seferde 2.953 TL ceza, tekrar\u0131 halinde ise 7 g\u00fcn kapatma ve ruhsat iptali gibi yapt\u0131r\u0131mlar uygulanaca\u011f\u0131n\u0131 belirtti.<\/p>\n<p>\u201cHijyenin en \u00e7ok dikkat edilmesi gereken yerlerin ba\u015f\u0131nda f\u0131r\u0131nlar geliyor. Ekmek gibi temel bir g\u0131da maddesinin \u00fcretimi titizlik ister\u201d diyen Bolta\u00e7, t\u00fcm esnafa \u00e7a\u011fr\u0131da bulundu: \u201cHijyen konusunda daha \u00f6zenli olun\u201d dedi.<\/p>\n<p><img loading=\"lazy\" decoding=\"async\" class=\"alignnone wp-image-5477\" src=\"https:\/\/www.mersinmuhbir.com\/wp-content\/uploads\/2025\/07\/1-300x169.jpg\" alt=\"\" width=\"600\" height=\"338\" srcset=\"https:\/\/mersinmuhbir.com\/wp-content\/uploads\/2025\/07\/1-300x169.jpg 300w, https:\/\/mersinmuhbir.com\/wp-content\/uploads\/2025\/07\/1-1024x576.jpg 1024w, https:\/\/mersinmuhbir.com\/wp-content\/uploads\/2025\/07\/1-768x432.jpg 768w, https:\/\/mersinmuhbir.com\/wp-content\/uploads\/2025\/07\/1-1536x864.jpg 1536w, https:\/\/mersinmuhbir.com\/wp-content\/uploads\/2025\/07\/1.jpg 1920w\" sizes=\"auto, (max-width: 600px) 100vw, 600px\" \/><\/p>\n<h2><strong>Huzurevi ve palyatif merkez yolda<\/strong><\/h2>\n<p>Tarsus\u2019un sosyal hizmet altyap\u0131s\u0131n\u0131 g\u00fc\u00e7lendirmeyi hedefleyen Belediye, ya\u015fl\u0131 bireyler i\u00e7in 120 ki\u015filik huzurevi ve bir palyatif bak\u0131m merkezi planl\u0131yor. Projenin yat\u0131r\u0131m program\u0131na al\u0131nd\u0131\u011f\u0131n\u0131 belirten Bolta\u00e7, \u201cVergi s\u0131ralamas\u0131nda ilk 10\u2019da olan bir ilin hizmet s\u0131ralamas\u0131nda geride kalmas\u0131 kabul edilemez. Bu projelere sahip \u00e7\u0131kmazsak ba\u015fka yerlere kayabilir\u201d uyar\u0131s\u0131nda bulundu.<\/p>\n<h2><strong>Hayvan bar\u0131na\u011f\u0131nda yeni d\u00f6nem<\/strong><\/h2>\n<p>Tarsus Hayvan Bar\u0131na\u011f\u0131\u2019nda kapasite 500\u2019den 1.271\u2019e \u00e7\u0131kar\u0131ld\u0131. Yeni ameliyathaneler ve yo\u011fun bak\u0131m alanlar\u0131yla bar\u0131na\u011f\u0131n t\u0131bbi olanaklar\u0131 geni\u015fletilirken, hayvanlar\u0131n yaz s\u0131ca\u011f\u0131ndan korunmas\u0131 i\u00e7in g\u00f6lgelik ve ye\u015fillendirme \u00e7al\u0131\u015fmalar\u0131 da devam ediyor. Bar\u0131nak tamamland\u0131\u011f\u0131nda vatanda\u015flara randevulu ziyaret imkan\u0131 sunulacak.<\/p>\n<h2><strong>Okuma salonu, bilim park\u0131 ve su park\u0131 geliyor<\/strong><\/h2>\n<p>Tarsu AVM yak\u0131nlar\u0131nda yeni bir okuma salonu in\u015fa edilirken, ayn\u0131 b\u00f6lgeye bilim temal\u0131 bir park yap\u0131laca\u011f\u0131 a\u00e7\u0131kland\u0131. Ba\u015fkan Bolta\u00e7 ayr\u0131ca, \u00e7ocuklar\u0131n yaz s\u0131caklar\u0131nda serinleyebilece\u011fi bir su park\u0131 yap\u0131laca\u011f\u0131n\u0131n da m\u00fcjdesini verdi.<\/p>\n<p>Belediye, yaz boyunca \u00e7ocuklar i\u00e7in mobil y\u00fczme havuzlar\u0131 kurarak serinleme imkan\u0131 sunuyor. Daha \u00f6nce hi\u00e7 havuza girmemi\u015f \u00e7ocuklar\u0131n bu deneyimi ya\u015famas\u0131n\u0131 sa\u011flayan projeye \u00f6zel gereksinimli bireyler de dahil edildi. Per\u015fembe, Cuma ve Cumartesi g\u00fcnleri \u00f6zel bireyler ve refakat\u00e7ileri i\u00e7in ayr\u0131ld\u0131.<\/p>\n","protected":false},"excerpt":{"rendered":"<p>Mersin Tarsus Belediyesi\u2019nin Temmuz ay\u0131 ola\u011fan meclis toplant\u0131s\u0131, Belediye Ba\u015fkan\u0131 Ali Bolta\u00e7 ba\u015fkanl\u0131\u011f\u0131nda yap\u0131ld\u0131. Geni\u015f bir hizmet yelpazesiyle kamuoyunun kar\u015f\u0131s\u0131na \u00e7\u0131kan Ba\u015fkan Bolta\u00e7; g\u0131da denetimleri, ya\u015fl\u0131 ve hasta bireyler i\u00e7in yap\u0131lmas\u0131 planlanan merkezler, bar\u0131nak kapasitesindeki art\u0131\u015f ve park projeleri gibi konularla ilgili kapsaml\u0131 bilgiler payla\u015ft\u0131. Toplant\u0131n\u0131n ilk oturumunda belediye m\u00fcd\u00fcrl\u00fcklerinden gelen evraklar g\u00f6r\u00fc\u015f\u00fclerek karara ba\u011fland\u0131. [&hellip;]<\/p>\n","protected":false},"author":1,"featured_media":5475,"comment_status":"open","ping_status":"open","sticky":false,"template":"","format":"standard","meta":{"footnotes":""},"categories":[7,259],"tags":[],"class_list":["post-5473","post","type-post","status-publish","format-standard","has-post-thumbnail","hentry","category-gundem","category-mersin"],"_links":{"self":[{"href":"https:\/\/mersinmuhbir.com\/index.php\/wp-json\/wp\/v2\/posts\/5473","targetHints":{"allow":["GET"]}}],"collection":[{"href":"https:\/\/mersinmuhbir.com\/index.php\/wp-json\/wp\/v2\/posts"}],"about":[{"href":"https:\/\/mersinmuhbir.com\/index.php\/wp-json\/wp\/v2\/types\/post"}],"author":[{"embeddable":true,"href":"https:\/\/mersinmuhbir.com\/index.php\/wp-json\/wp\/v2\/users\/1"}],"replies":[{"embeddable":true,"href":"https:\/\/mersinmuhbir.com\/index.php\/wp-json\/wp\/v2\/comments?post=5473"}],"version-history":[{"count":0,"href":"https:\/\/mersinmuhbir.com\/index.php\/wp-json\/wp\/v2\/posts\/5473\/revisions"}],"wp:featuredmedia":[{"embeddable":true,"href":"https:\/\/mersinmuhbir.com\/index.php\/wp-json\/wp\/v2\/media\/5475"}],"wp:attachment":[{"href":"https:\/\/mersinmuhbir.com\/index.php\/wp-json\/wp\/v2\/media?parent=5473"}],"wp:term":[{"taxonomy":"category","embeddable":true,"href":"https:\/\/mersinmuhbir.com\/index.php\/wp-json\/wp\/v2\/categories?post=5473"},{"taxonomy":"post_tag","embeddable":true,"href":"https:\/\/mersinmuhbir.com\/index.php\/wp-json\/wp\/v2\/tags?post=5473"}],"curies":[{"name":"wp","href":"https:\/\/api.w.org\/{rel}","templated":true}]}}