{"id":5014,"date":"2025-06-10T10:55:03","date_gmt":"2025-06-10T07:55:03","guid":{"rendered":"https:\/\/www.mersinmuhbir.com\/?p=5014"},"modified":"2025-06-10T10:55:03","modified_gmt":"2025-06-10T07:55:03","slug":"baskan-secerden-hastanede-tedavi-goren-manisa-buyuksehir-belediye-baskani-ferdi-zeyreke-ziyaret","status":"publish","type":"post","link":"https:\/\/mersinmuhbir.com\/index.php\/2025\/06\/10\/baskan-secerden-hastanede-tedavi-goren-manisa-buyuksehir-belediye-baskani-ferdi-zeyreke-ziyaret\/","title":{"rendered":"BA\u015eKAN SE\u00c7ER\u2019DEN, HASTANEDE TEDAV\u0130 G\u00d6REN MAN\u0130SA B\u00dcY\u00dcK\u015eEH\u0130R BELED\u0130YE BA\u015eKANI FERD\u0130 ZEYREK\u2019E Z\u0130YARET"},"content":{"rendered":"<p>Mersin B\u00fcy\u00fck\u015fehir Belediye Ba\u015fkan\u0131 Vahap Se\u00e7er, evinde elektrik ak\u0131m\u0131na kap\u0131larak a\u011f\u0131r yaralanan<br \/>\nve tedavisi yo\u011fun bak\u0131mda devam eden Manisa B\u00fcy\u00fck\u015fehir Belediye Ba\u015fkan\u0131 Ferdi Zeyrek\u2019e ziyarette<br \/>\nbulundu. Ba\u015fkan Se\u00e7er hastanede, CHP Genel Ba\u015fkan\u0131 \u00d6zg\u00fcr \u00d6zel ve Zeyrek\u2019in ailesi ile g\u00f6r\u00fc\u015ferek<br \/>\nge\u00e7mi\u015f olsun dileklerini iletti.<br \/>\nBa\u015fkan Zeyrek\u2019in sa\u011fl\u0131k durumu hakk\u0131nda tedavi g\u00f6rd\u00fc\u011f\u00fc Manisa Celal Bayar \u00dcniversitesi Hafsa<br \/>\nSultan Hastanesi\u2019nde bilgi alan ve yak\u0131nlar\u0131na ge\u00e7mi\u015f olsun dileklerinde bulunan Ba\u015fkan Se\u00e7er,<br \/>\nhastane \u00f6n\u00fcnde a\u00e7\u0131klamalarda bulundu. Ba\u015fkan Se\u00e7er, \u201cFerdi Ba\u015fkan\u0131m\u0131z\u0131n yan\u0131nda, b\u00fcy\u00fck CHP<br \/>\nailesi olarak bir araday\u0131z. Sadece b\u00fcy\u00fck CHP ailesinin de\u011fil; t\u00fcm ulusumuzun dualar\u0131; sevilen,<br \/>\n\u00e7al\u0131\u015fkan, Manisa\u2019y\u0131 de\u011fi\u015ftiren, d\u00f6n\u00fc\u015ft\u00fcren ve k\u0131sa s\u00fcrede \u00e7ok \u015fey katan Belediye Ba\u015fkan\u0131m\u0131z\u0131n<br \/>\nsa\u011fl\u0131\u011f\u0131na kavu\u015fmas\u0131 i\u00e7in. Umut ediyoruz Ferdi Ba\u015fkan\u0131m\u0131z bu zor s\u00fcreci atlatacak. Onun<br \/>\ngen\u00e7li\u011fi, enerjisi, o g\u00fczel kalbi ve iyi insan \u00f6zelli\u011fi b\u00fct\u00fcn bu zorluklar\u0131 a\u015facak\u201d dedi.<br \/>\nBu zor g\u00fcnleri her beraber a\u015facaklar\u0131n\u0131 vurgulayan Se\u00e7er, \u201cHer zaman oldu\u011fu gibi birlik ve<br \/>\nberaberlik i\u00e7erisinde bu badireli ve zorlu g\u00fcnleri de hep beraber atlataca\u011f\u0131z. Dualar\u0131m\u0131z Ferdi<br \/>\nBa\u015fkan\u0131m\u0131zla\u201d ifadelerine yer verdi.<br \/>\nMersin B\u00fcy\u00fck\u015fehir Belediye Ba\u015fkan\u0131 Vahap Se\u00e7er, 6 Haziran Cuma ak\u015fam saatlerinde elektrik<br \/>\n\u00e7arpmas\u0131 sonucu hastaneye kald\u0131r\u0131lan ve tedavisi yo\u011fun bak\u0131mda devam eden Manisa B\u00fcy\u00fck\u015fehir<br \/>\nBelediye Ba\u015fkan\u0131 Ferdi Zeyrek\u2019e ziyarette bulundu. Ba\u015fkan Se\u00e7er hastanede Genel Ba\u015fkan \u00d6zel,<br \/>\nZeyrek\u2019in ailesi ve yak\u0131nlar\u0131yla bir araya geldi.<br \/>\nBa\u015fkan Se\u00e7er, elektrik ak\u0131m\u0131na kap\u0131larak a\u011f\u0131r yaralanan ve yo\u011fun bak\u0131mda tedavisi s\u00fcren Manisa<br \/>\nB\u00fcy\u00fck\u015fehir Belediye Ba\u015fkan\u0131 Ferdi Zeyrek i\u00e7in Manisa\u2019ya giderek, hem CHP Genel Ba\u015fkan\u0131 \u00d6zg\u00fcr<br \/>\n\u00d6zel ile hem de Zeyrek\u2019in yak\u0131nlar\u0131 ile g\u00f6r\u00fc\u015ferek ge\u00e7mi\u015f olsun dileklerini iletti. Manisa B\u00fcy\u00fck\u015fehir<br \/>\nBelediye Ba\u015fkan\u0131 Ferdi Zeyrek\u2019in tedavisi, Manisa Celal Bayar \u00dcniversitesi Hafsa Sultan Hastanesi<br \/>\nyo\u011fun bak\u0131m\u0131nda devam ediyor.<br \/>\nBa\u015fkan Se\u00e7er: \u201cFerdi Ba\u015fkan\u0131m\u0131z\u0131n yan\u0131nda, b\u00fcy\u00fck CHP ailesi olarak bir araday\u0131z\u201d<br \/>\nBa\u015fkan Zeyrek\u2019in sa\u011fl\u0131k durumu hakk\u0131nda tedavi g\u00f6rd\u00fc\u011f\u00fc Manisa Celal Bayar \u00dcniversitesi Hafsa<br \/>\nSultan Hastanesi\u2019nde bilgi alan ve yak\u0131nlar\u0131na ge\u00e7mi\u015f olsun dileklerinde bulunan Ba\u015fkan Se\u00e7er,<br \/>\nhastane \u00f6n\u00fcnde a\u00e7\u0131klamalarda bulundu. Ba\u015fkan Se\u00e7er, \u201cFerdi Ba\u015fkan\u0131m\u0131z\u0131n yan\u0131nda, b\u00fcy\u00fck CHP<br \/>\nailesi olarak bir araday\u0131z. Sadece b\u00fcy\u00fck CHP ailesinin de\u011fil; t\u00fcm ulusumuzun dualar\u0131; sevilen,<br \/>\n\u00e7al\u0131\u015fkan, Manisa\u2019y\u0131 de\u011fi\u015ftiren, d\u00f6n\u00fc\u015ft\u00fcren ve k\u0131sa s\u00fcrede \u00e7ok \u015fey katan Belediye Ba\u015fkan\u0131m\u0131z\u0131n<br \/>\nsa\u011fl\u0131\u011f\u0131na kavu\u015fmas\u0131 i\u00e7in. Son geli\u015fmeleri Ba\u015fhekim Bey \u00f6\u011fle saatlerinde de\u011ferlendirdi ve bir<br \/>\nbas\u0131n toplant\u0131s\u0131 ile a\u00e7\u0131klad\u0131. Umut ediyoruz Ferdi Ba\u015fkan\u0131m\u0131z bu zor s\u00fcreci atlatacak. Onun<br \/>\ngen\u00e7li\u011fi, enerjisi, o g\u00fczel kalbi ve iyi insan \u00f6zelli\u011fi b\u00fct\u00fcn bu zorluklar\u0131 a\u015facak\u201d dedi.<br \/>\n\u201cHer zaman oldu\u011fu gibi birlik ve beraberlik i\u00e7erisinde bu zorlu g\u00fcnleri de hep beraber<br \/>\natlataca\u011f\u0131z\u201d<br \/>\nHastane \u00f6n\u00fcnde belediye ba\u015fkanlar\u0131n\u0131n, milletvekillerinin ve partinin \u00f6rg\u00fct ba\u015fkanlar\u0131n\u0131n bir arada<br \/>\noldu\u011fundan s\u00f6z eden Se\u00e7er, \u201cBurada herkes bir arada ve Say\u0131n Genel Ba\u015fkan\u0131m\u0131z\u0131n yan\u0131nday\u0131z.<br \/>\nSay\u0131n Genel Ba\u015fkan\u0131m\u0131z da olay\u0131n oldu\u011fu andan itibaren Manisa\u2019da Ferdi Ba\u015fkan\u0131m\u0131z\u0131n<br \/>\nyan\u0131ndan bir saniye olsun ayr\u0131lmad\u0131. Bunun yan\u0131nda olay\u0131n oldu\u011fu g\u00fcnden bug\u00fcne kadar<br \/>\nyurdun muhtelif yerlerinden gelen ziyaret\u00e7ileri burada Say\u0131n Genel Ba\u015fkan\u0131m\u0131z a\u011f\u0131rlad\u0131, onlara<\/p>\n<p>durumu izah etti ve onlar\u0131n dualar\u0131na e\u015flik etti\u201d diye konu\u015farak, parti ad\u0131na Genel Ba\u015fkan \u00d6zel\u2019e<br \/>\nte\u015fekk\u00fcrlerini iletti.<br \/>\nBu zor g\u00fcnleri her beraber a\u015facaklar\u0131n\u0131 vurgulayan Se\u00e7er, \u201cBu siyasetin yo\u011fun g\u00fcndeminde bir\u00e7ok<br \/>\ncephede m\u00fccadele eden ba\u015fta Say\u0131n Genel Ba\u015fkan\u0131m\u0131z ve partimiz ile maalesef bu bayram g\u00fcn\u00fc<br \/>\nb\u00f6yle \u00fcz\u00fcnt\u00fc verici bir olayla kar\u015f\u0131 kar\u015f\u0131ya kald\u0131k. Ama her zaman oldu\u011fu gibi birlik ve<br \/>\nberaberlik i\u00e7erisinde bu zorlu g\u00fcnleri de hep beraber atlataca\u011f\u0131z. Dualar\u0131m\u0131z Ferdi<br \/>\nBa\u015fkan\u0131m\u0131zla\u201d ifadelerine yer verdi.<br \/>\nGenel Ba\u015fkan \u00d6zel: \u201cHerkesin dualar\u0131na ihtiyac\u0131m\u0131z var\u201d<br \/>\nCHP Genel Ba\u015fkan\u0131 \u00d6zg\u00fcr \u00d6zel ise de\u011ferlendirmelerinde; \u201cMersin B\u00fcy\u00fck\u015fehir Belediye<br \/>\nBa\u015fkan\u0131m\u0131z Vahap Se\u00e7er bug\u00fcn burada; T\u00fcrkiye\u2019nin d\u00f6rt bir yan\u0131ndan gelen hem belediye<br \/>\nba\u015fkanlar\u0131m\u0131z hem de milletvekillerimiz ad\u0131na iyi dileklerini ve duygular\u0131n\u0131 bizlerle payla\u015ft\u0131.<br \/>\nManisa Celal Bayar \u00dcniversitesi Hafsa Sultan Hastanesi b\u00fct\u00fcn g\u00fcc\u00fcyle m\u00fccadele ediyor. Bir<br \/>\n\u00f6nceki Sa\u011fl\u0131k Bakan\u0131m\u0131z Fahrettin Koca, \u00e7e\u015fitli hastanelerdeki ba\u015fhekimler ve de\u011ferli<br \/>\ndostlar\u0131m\u0131z s\u00fcrekli ar\u0131yorlar, elden gelecek ne katk\u0131 varsa sa\u011flamak istediklerini ifade ediyorlar.<br \/>\nHerkesin dualar\u0131na ihtiyac\u0131m\u0131z var\u201d diye konu\u015ftu.<\/p>\n","protected":false},"excerpt":{"rendered":"<p>Mersin B\u00fcy\u00fck\u015fehir Belediye Ba\u015fkan\u0131 Vahap Se\u00e7er, evinde elektrik ak\u0131m\u0131na kap\u0131larak a\u011f\u0131r yaralanan ve tedavisi yo\u011fun bak\u0131mda devam eden Manisa B\u00fcy\u00fck\u015fehir Belediye Ba\u015fkan\u0131 Ferdi Zeyrek\u2019e ziyarette bulundu. Ba\u015fkan Se\u00e7er hastanede, CHP Genel Ba\u015fkan\u0131 \u00d6zg\u00fcr \u00d6zel ve Zeyrek\u2019in ailesi ile g\u00f6r\u00fc\u015ferek ge\u00e7mi\u015f olsun dileklerini iletti. Ba\u015fkan Zeyrek\u2019in sa\u011fl\u0131k durumu hakk\u0131nda tedavi g\u00f6rd\u00fc\u011f\u00fc Manisa Celal Bayar \u00dcniversitesi Hafsa [&hellip;]<\/p>\n","protected":false},"author":1,"featured_media":5015,"comment_status":"open","ping_status":"open","sticky":false,"template":"","format":"standard","meta":{"footnotes":""},"categories":[7,9,259],"tags":[],"class_list":["post-5014","post","type-post","status-publish","format-standard","has-post-thumbnail","hentry","category-gundem","category-manset","category-mersin"],"_links":{"self":[{"href":"https:\/\/mersinmuhbir.com\/index.php\/wp-json\/wp\/v2\/posts\/5014","targetHints":{"allow":["GET"]}}],"collection":[{"href":"https:\/\/mersinmuhbir.com\/index.php\/wp-json\/wp\/v2\/posts"}],"about":[{"href":"https:\/\/mersinmuhbir.com\/index.php\/wp-json\/wp\/v2\/types\/post"}],"author":[{"embeddable":true,"href":"https:\/\/mersinmuhbir.com\/index.php\/wp-json\/wp\/v2\/users\/1"}],"replies":[{"embeddable":true,"href":"https:\/\/mersinmuhbir.com\/index.php\/wp-json\/wp\/v2\/comments?post=5014"}],"version-history":[{"count":0,"href":"https:\/\/mersinmuhbir.com\/index.php\/wp-json\/wp\/v2\/posts\/5014\/revisions"}],"wp:featuredmedia":[{"embeddable":true,"href":"https:\/\/mersinmuhbir.com\/index.php\/wp-json\/wp\/v2\/media\/5015"}],"wp:attachment":[{"href":"https:\/\/mersinmuhbir.com\/index.php\/wp-json\/wp\/v2\/media?parent=5014"}],"wp:term":[{"taxonomy":"category","embeddable":true,"href":"https:\/\/mersinmuhbir.com\/index.php\/wp-json\/wp\/v2\/categories?post=5014"},{"taxonomy":"post_tag","embeddable":true,"href":"https:\/\/mersinmuhbir.com\/index.php\/wp-json\/wp\/v2\/tags?post=5014"}],"curies":[{"name":"wp","href":"https:\/\/api.w.org\/{rel}","templated":true}]}}