{"id":4358,"date":"2025-02-26T10:03:14","date_gmt":"2025-02-26T07:03:14","guid":{"rendered":"https:\/\/www.mersinmuhbir.com\/?p=4358"},"modified":"2025-02-26T10:03:14","modified_gmt":"2025-02-26T07:03:14","slug":"mersin-buyuksehirden-vatandaslara-sifa-kaynagi-ikram","status":"publish","type":"post","link":"https:\/\/mersinmuhbir.com\/index.php\/2025\/02\/26\/mersin-buyuksehirden-vatandaslara-sifa-kaynagi-ikram\/","title":{"rendered":"MERS\u0130N B\u00dcY\u00dcK\u015eEH\u0130R\u2019DEN VATANDA\u015eLARA \u015e\u0130FA KAYNA\u011eI \u0130KRAM"},"content":{"rendered":"<p>Mersin B\u00fcy\u00fck\u015fehir Belediyesi\u2019nin \u015fifa kayna\u011f\u0131 \u2018kaynar\u2019 ikramlar\u0131, Mersinlilerin dama\u011f\u0131nda ho\u015f bir<br \/>\nlezzet b\u0131rak\u0131yor. Sosyal Hizmetler Dairesi koordinesinde haftan\u0131n 5 g\u00fcn\u00fc 6 noktada yap\u0131lan kaynar<br \/>\nikramlar\u0131, her ya\u015ftan Mersinli\u2019yi memnun ediyor. \u00c7e\u015fitli noktalarda da\u011f\u0131t\u0131larak kentin s\u0131cak<br \/>\natmosferine katk\u0131da bulunan hizmet; vatanda\u015flar\u0131n sadece i\u00e7ini \u0131s\u0131tmakla kalm\u0131yor, ayn\u0131 zamanda yerel<br \/>\nlezzetlerin de tan\u0131t\u0131m\u0131n\u0131 yap\u0131yor.<br \/>\nMersin B\u00fcy\u00fck\u015fehir Belediyesi\u2019nin \u015fifa kayna\u011f\u0131 \u2018kaynar\u2019 ikramlar\u0131, Mersinlilerin dama\u011f\u0131nda ho\u015f bir<br \/>\nlezzet b\u0131rak\u0131yor. Sosyal Hizmetler Dairesi koordinesinde yap\u0131lan ikramlar, her ya\u015ftan Mersinli\u2019yi<br \/>\nmemnun ediyor. Kentin y\u00f6resel lezzetlerinden biri olan kaynar, i\u00e7erdi\u011fi bol baharatlarla hem lezzetli<br \/>\nhem de \u015fifal\u0131 bir i\u00e7ecek olarak \u00e7ok seviliyor.<br \/>\nMersinliler, k\u0131\u015f aylar\u0131nda s\u0131cak tutan bu i\u00e7ece\u011fi lezzetli ve sa\u011fl\u0131kl\u0131 olmas\u0131 nedeniyle tercih ediyor.<br \/>\nZencefil, zerde\u00e7al, tar\u00e7\u0131n, karanfil, havl\u0131can, yenibahar gibi baharatlarla zenginle\u015ftirilmi\u015f kaynar,<br \/>\nso\u011fuk havada v\u00fccuda enerji veriyor. \u00c7e\u015fitli noktalarda da\u011f\u0131t\u0131larak kentin s\u0131cak atmosferine katk\u0131da<br \/>\nbulunan hizmet; vatanda\u015flar\u0131n sadece i\u00e7ini \u0131s\u0131tmakla kalm\u0131yor, ayn\u0131 zamanda yerel lezzetlerin de<br \/>\ntan\u0131t\u0131m\u0131n\u0131 yap\u0131yor. B\u00fcy\u00fck\u015fehir\u2019in kaynar ikramlar\u0131; Pazartesi g\u00fcn\u00fc Tarsus PTT Yarenlik Alan\u0131<br \/>\n\u00e7\u0131k\u0131\u015f\u0131nda, Sal\u0131 g\u00fcn\u00fc Mezitli bankalar \u00f6n\u00fcnde, \u00c7ar\u015famba g\u00fcn\u00fc Toroslar Kuvayi Milliye Caddesi\u2019nde,<br \/>\nPer\u015fembe g\u00fcn\u00fc Akdeniz il\u00e7esi Yo\u011furt Pazar\u0131\u2019nda, Cuma g\u00fcn\u00fc ise Yeni\u015fehir il\u00e7esi Alanya Soka\u011f\u0131 ve<br \/>\nTarsus K\u00fclt\u00fcr Park \u00f6n\u00fcnde yap\u0131l\u0131yor.<br \/>\nB\u00fcy\u00fckg\u00fcrses: \u201cKaynar ikramlar\u0131m\u0131z haftan\u0131n 5 g\u00fcn\u00fc 6 noktada yap\u0131l\u0131yor\u201d<br \/>\nSosyal Hizmetler Dairesi Ba\u015fkanl\u0131\u011f\u0131\u2019nda Sosyolog olarak g\u00f6rev yapan Nazire B\u00fcy\u00fckg\u00fcrses, kaynar<br \/>\nda\u011f\u0131t\u0131m\u0131yla hem so\u011fuk g\u00fcnlerde vatanda\u015flar\u0131n i\u00e7ini \u0131s\u0131tt\u0131klar\u0131n\u0131, hem de ge\u00e7mi\u015ften gelen bir lezzet<br \/>\nsunduklar\u0131n\u0131 ifade ederek, \u201cKaynar ikram\u0131m\u0131zla, vatanda\u015flar\u0131m\u0131z\u0131n hem ba\u011f\u0131\u015f\u0131kl\u0131k sistemlerini<br \/>\ng\u00fc\u00e7lendiriyor hem de k\u00fclt\u00fcrel miras\u0131m\u0131z\u0131 ya\u015fat\u0131yoruz. \u00d6zenle se\u00e7ilmi\u015f baharatlarla haz\u0131rlanan<br \/>\nbu \u015fifal\u0131 i\u00e7ece\u011fi; kentimizin 6 noktas\u0131nda, hafta i\u00e7i her g\u00fcn vatanda\u015flar\u0131m\u0131zla bulu\u015fturuyoruz.<br \/>\nKaynar sadece bir i\u00e7ecek de\u011fil; \u00e7ocuklu\u011fumuzdan hat\u0131ralar, dost sohbetlerinde payla\u015f\u0131lan bir<br \/>\ns\u0131cakl\u0131k ve Mersin\u2019in k\u00f6kl\u00fc gelene\u011fidir. Vatanda\u015flar\u0131m\u0131z\u0131n yo\u011fun ilgisi ve be\u011fenisi, bizim i\u00e7in en<br \/>\nb\u00fcy\u00fck mutluluk\u201d dedi.<br \/>\nB\u00fcy\u00fck\u015fehir\u2019in \u015fifa kayna\u011f\u0131 \u2018Kaynar\u2019 ikramlar\u0131 Mersinlileri memnun ediyor<br \/>\nB\u00fcy\u00fck\u015fehir\u2019in kaynar ikram\u0131nda bulundu\u011fu vatanda\u015flardan Y\u0131lmaz \u00d6m\u00fcr, Ba\u015fkan Vahap Se\u00e7er\u2019e<br \/>\nte\u015fekk\u00fcrlerini ileterek, \u201cBu, insanl\u0131\u011fa bir hizmettir. Kaynar, \u015fifal\u0131 ve insan\u0131n hem i\u00e7ini \u0131s\u0131tan, hem<br \/>\nde ferahl\u0131k veren bir i\u00e7ecek\u201d diye konu\u015ftu.<br \/>\nKaynar\u0131 ilk kez i\u00e7ti\u011fini ifade eden 17 ya\u015f\u0131ndaki Muhammed G\u00fcney, \u201c Tad\u0131 \u00e7ok g\u00fczel ve \u00e7aya<br \/>\nbenziyor. Ferah bir havas\u0131 var. Ba\u015fkan\u0131m\u0131za te\u015fekk\u00fcr ediyoruz\u201d ifadelerini kulland\u0131.<br \/>\nVatanda\u015flardan Nazire \u00c7akmak\u00e7\u0131, \u201cBa\u015fkan\u0131m\u0131za te\u015fekk\u00fcr ederim. Kaynar \u00e7ok g\u00fczel ve \u015fifal\u0131\u201d<br \/>\nderken, Naciye Temel ise kaynar\u0131n \u015fifal\u0131 olu\u015funa dikkat \u00e7ekerek, \u201cKaynar\u0131, genelde do\u011fum<br \/>\nyapanlara i\u00e7irirler. Ba\u015fkan\u0131m\u0131z Vahap Se\u00e7er\u2019e \u00e7ok te\u015fekk\u00fcr ediyoruz. So\u011fuk havalarda g\u00fczel<br \/>\ngidiyor\u201d dedi.<\/p>\n","protected":false},"excerpt":{"rendered":"<p>Mersin B\u00fcy\u00fck\u015fehir Belediyesi\u2019nin \u015fifa kayna\u011f\u0131 \u2018kaynar\u2019 ikramlar\u0131, Mersinlilerin dama\u011f\u0131nda ho\u015f bir lezzet b\u0131rak\u0131yor. Sosyal Hizmetler Dairesi koordinesinde haftan\u0131n 5 g\u00fcn\u00fc 6 noktada yap\u0131lan kaynar ikramlar\u0131, her ya\u015ftan Mersinli\u2019yi memnun ediyor. \u00c7e\u015fitli noktalarda da\u011f\u0131t\u0131larak kentin s\u0131cak atmosferine katk\u0131da bulunan hizmet; vatanda\u015flar\u0131n sadece i\u00e7ini \u0131s\u0131tmakla kalm\u0131yor, ayn\u0131 zamanda yerel lezzetlerin de tan\u0131t\u0131m\u0131n\u0131 yap\u0131yor. Mersin B\u00fcy\u00fck\u015fehir Belediyesi\u2019nin \u015fifa [&hellip;]<\/p>\n","protected":false},"author":1,"featured_media":4359,"comment_status":"open","ping_status":"open","sticky":false,"template":"","format":"standard","meta":{"footnotes":""},"categories":[7,9,259],"tags":[],"class_list":["post-4358","post","type-post","status-publish","format-standard","has-post-thumbnail","hentry","category-gundem","category-manset","category-mersin"],"_links":{"self":[{"href":"https:\/\/mersinmuhbir.com\/index.php\/wp-json\/wp\/v2\/posts\/4358","targetHints":{"allow":["GET"]}}],"collection":[{"href":"https:\/\/mersinmuhbir.com\/index.php\/wp-json\/wp\/v2\/posts"}],"about":[{"href":"https:\/\/mersinmuhbir.com\/index.php\/wp-json\/wp\/v2\/types\/post"}],"author":[{"embeddable":true,"href":"https:\/\/mersinmuhbir.com\/index.php\/wp-json\/wp\/v2\/users\/1"}],"replies":[{"embeddable":true,"href":"https:\/\/mersinmuhbir.com\/index.php\/wp-json\/wp\/v2\/comments?post=4358"}],"version-history":[{"count":0,"href":"https:\/\/mersinmuhbir.com\/index.php\/wp-json\/wp\/v2\/posts\/4358\/revisions"}],"wp:featuredmedia":[{"embeddable":true,"href":"https:\/\/mersinmuhbir.com\/index.php\/wp-json\/wp\/v2\/media\/4359"}],"wp:attachment":[{"href":"https:\/\/mersinmuhbir.com\/index.php\/wp-json\/wp\/v2\/media?parent=4358"}],"wp:term":[{"taxonomy":"category","embeddable":true,"href":"https:\/\/mersinmuhbir.com\/index.php\/wp-json\/wp\/v2\/categories?post=4358"},{"taxonomy":"post_tag","embeddable":true,"href":"https:\/\/mersinmuhbir.com\/index.php\/wp-json\/wp\/v2\/tags?post=4358"}],"curies":[{"name":"wp","href":"https:\/\/api.w.org\/{rel}","templated":true}]}}