{"id":4133,"date":"2025-02-07T11:18:34","date_gmt":"2025-02-07T08:18:34","guid":{"rendered":"https:\/\/www.mersinmuhbir.com\/?p=4133"},"modified":"2025-02-07T11:18:34","modified_gmt":"2025-02-07T08:18:34","slug":"baskan-yildiz-depremden-gerekli-dersler-hala-cikarilmadi","status":"publish","type":"post","link":"https:\/\/mersinmuhbir.com\/index.php\/2025\/02\/07\/baskan-yildiz-depremden-gerekli-dersler-hala-cikarilmadi\/","title":{"rendered":"BA\u015eKAN YILDIZ: DEPREMDEN GEREKL\u0130 DERSLER H\u00c2L\u00c2 \u00c7IKARILMADI"},"content":{"rendered":"<p>Toroslar Belediye Ba\u015fkan\u0131 Abdurrahman Y\u0131ld\u0131z, 6 \u015eubat 2023 depreminde hayat\u0131n\u0131<br \/>\nkaybeden yurtta\u015flar\u0131 and\u0131. Ba\u015fkan Y\u0131ld\u0131z, b\u00fcy\u00fck felaketten gerekli derslerin \u00e7\u0131kar\u0131lmad\u0131\u011f\u0131n\u0131,<br \/>\ndepremden etkilenen \u015fehirlerin sorunlar\u0131n\u0131n \u00e7\u00f6z\u00fclemedi\u011fini, deprem olmas\u0131 muhtemel<br \/>\nyerlerde de depreme kar\u015f\u0131 \u00f6nlem al\u0131nmad\u0131\u011f\u0131n\u0131 belirterek \u201cArt\u0131k birilerinin inisiyatif almas\u0131,<br \/>\ng\u00f6rev almas\u0131 gerekiyor\u201d dedi.<br \/>\n6 \u015eubat 2023\u2019te meydana gelen Kahramanmara\u015f merkezli 2 deprem 11 ilde y\u0131k\u0131ma neden<br \/>\noldu, on binlerce insan enkaz alt\u0131nda hayat\u0131n\u0131 kaybetti, y\u00fcz binlerce insan g\u00f6\u00e7 etmek zorunda<br \/>\nkald\u0131.<br \/>\nBu b\u00fcy\u00fck felaketin ikinci y\u0131l\u0131nda, depremde hayat\u0131n\u0131 kaybeden yurtta\u015flar\u0131 anan Toroslar<br \/>\nBelediye Ba\u015fkan\u0131 Abdurrahman Y\u0131ld\u0131z, deprem b\u00f6lgesinde h\u00e2l\u00e2 devam eden sorunlara ve<br \/>\n\u015fehirlerin depreme haz\u0131rlanmas\u0131 konusundaki ihmallere dikkat \u00e7ekti.<br \/>\nBa\u015fkan Y\u0131ld\u0131z, \u201c6 \u015eubat 2023 \u00fclkemizde felaketin ya\u015fand\u0131\u011f\u0131 g\u00fcn. 11 kentimiz etkilendi.<br \/>\nMaalesef 6 \u015eubat\u2019tan sonra da biz gerekli dersleri alamad\u0131k. H\u00e2l\u00e2 hem depremden etkilenen<br \/>\n\u015fehirlerin sorunlar\u0131n\u0131 \u00e7\u00f6zebilmi\u015f de\u011filiz hem de ihtimal ki deprem olmas\u0131 beklenen<br \/>\nb\u00f6lgelerde gerekli \u00f6nlemleri alabilmi\u015f de\u011filiz. S\u00fcrekli sorumlulu\u011fu birbirimizin \u00fczerine<br \/>\natarak, sen etkilisin, ben yetkiliyim kavgas\u0131 yaparak bu memlekette vakitler gelip ge\u00e7ip<br \/>\ngidiyor ama olan canlara oluyor. Bak\u0131n\u0131z sadece 6 \u015eubat\u2019tan sonra bu \u00fclkede defaten<br \/>\nfelaketler ya\u015fand\u0131. \u0130\u015fte iki hafta evvel bir otel g\u00f6z\u00fcm\u00fcz\u00fcn \u00f6n\u00fcnde cay\u0131r cay\u0131r yand\u0131. 78<br \/>\nyurtta\u015f\u0131m\u0131z \u00f6ld\u00fc ve biz h\u00e2l\u00e2 bu otelin yanmas\u0131na sebep nedir bilmiyoruz. Yine h\u00e2l\u00e2<br \/>\nsorumlusu olmayan bir olayla kar\u015f\u0131 kar\u015f\u0131y\u0131z. Herkes sorumlulu\u011fu birbirine at\u0131yor. \u00dclkemizin<br \/>\n6 \u015eubat gibi, yang\u0131n gibi bu tarz felaketlerde bo\u015fu bo\u015funa insanlar\u0131n \u00f6mr\u00fcn\u00fc yok etmemesi<br \/>\ni\u00e7in, insan hayat\u0131n\u0131n yok olmamas\u0131 i\u00e7in art\u0131k birilerinin inisiyatif almas\u0131, g\u00f6rev almas\u0131<br \/>\ngerekiyor\u201d dedi.<br \/>\n\u201cTOROSLAR\u2019DA YAPI STO\u011eUMUZ ESK\u0130\u201d<br \/>\n\u015eehirlerin depreme haz\u0131rl\u0131kl\u0131 hale getirilmesinin ekonomik g\u00fc\u00e7le m\u00fcmk\u00fcn oldu\u011funa dikkat<br \/>\n\u00e7eken Ba\u015fkan Y\u0131ld\u0131z, \u201cToroslar Belediyesi olarak, kentimiz \u00e7ok sa\u011flam bir zeminde kurulu<br \/>\nolmas\u0131na ra\u011fmen, yap\u0131lar\u0131n \u00e7ok eski stoklar olmas\u0131, herhangi bir mimari m\u00fchendislik hizmeti<br \/>\nal\u0131nmadan yap\u0131lm\u0131\u015f \u00e7ok yo\u011fun bir dokumuzun olmas\u0131 nedeniyle deprem konusunda<\/p>\n","protected":false},"excerpt":{"rendered":"<p>Toroslar Belediye Ba\u015fkan\u0131 Abdurrahman Y\u0131ld\u0131z, 6 \u015eubat 2023 depreminde hayat\u0131n\u0131 kaybeden yurtta\u015flar\u0131 and\u0131. Ba\u015fkan Y\u0131ld\u0131z, b\u00fcy\u00fck felaketten gerekli derslerin \u00e7\u0131kar\u0131lmad\u0131\u011f\u0131n\u0131, depremden etkilenen \u015fehirlerin sorunlar\u0131n\u0131n \u00e7\u00f6z\u00fclemedi\u011fini, deprem olmas\u0131 muhtemel yerlerde de depreme kar\u015f\u0131 \u00f6nlem al\u0131nmad\u0131\u011f\u0131n\u0131 belirterek \u201cArt\u0131k birilerinin inisiyatif almas\u0131, g\u00f6rev almas\u0131 gerekiyor\u201d dedi. 6 \u015eubat 2023\u2019te meydana gelen Kahramanmara\u015f merkezli 2 deprem 11 ilde y\u0131k\u0131ma [&hellip;]<\/p>\n","protected":false},"author":1,"featured_media":4134,"comment_status":"open","ping_status":"open","sticky":false,"template":"","format":"standard","meta":{"footnotes":""},"categories":[7,9,259],"tags":[],"class_list":["post-4133","post","type-post","status-publish","format-standard","has-post-thumbnail","hentry","category-gundem","category-manset","category-mersin"],"_links":{"self":[{"href":"https:\/\/mersinmuhbir.com\/index.php\/wp-json\/wp\/v2\/posts\/4133","targetHints":{"allow":["GET"]}}],"collection":[{"href":"https:\/\/mersinmuhbir.com\/index.php\/wp-json\/wp\/v2\/posts"}],"about":[{"href":"https:\/\/mersinmuhbir.com\/index.php\/wp-json\/wp\/v2\/types\/post"}],"author":[{"embeddable":true,"href":"https:\/\/mersinmuhbir.com\/index.php\/wp-json\/wp\/v2\/users\/1"}],"replies":[{"embeddable":true,"href":"https:\/\/mersinmuhbir.com\/index.php\/wp-json\/wp\/v2\/comments?post=4133"}],"version-history":[{"count":0,"href":"https:\/\/mersinmuhbir.com\/index.php\/wp-json\/wp\/v2\/posts\/4133\/revisions"}],"wp:featuredmedia":[{"embeddable":true,"href":"https:\/\/mersinmuhbir.com\/index.php\/wp-json\/wp\/v2\/media\/4134"}],"wp:attachment":[{"href":"https:\/\/mersinmuhbir.com\/index.php\/wp-json\/wp\/v2\/media?parent=4133"}],"wp:term":[{"taxonomy":"category","embeddable":true,"href":"https:\/\/mersinmuhbir.com\/index.php\/wp-json\/wp\/v2\/categories?post=4133"},{"taxonomy":"post_tag","embeddable":true,"href":"https:\/\/mersinmuhbir.com\/index.php\/wp-json\/wp\/v2\/tags?post=4133"}],"curies":[{"name":"wp","href":"https:\/\/api.w.org\/{rel}","templated":true}]}}