{"id":4130,"date":"2025-02-07T11:14:58","date_gmt":"2025-02-07T08:14:58","guid":{"rendered":"https:\/\/www.mersinmuhbir.com\/?p=4130"},"modified":"2025-02-07T11:14:58","modified_gmt":"2025-02-07T08:14:58","slug":"mersin-buyuksehirden-6-subat-depremlerinin-2-yilinda-sessiz-yuruyus","status":"publish","type":"post","link":"https:\/\/mersinmuhbir.com\/index.php\/2025\/02\/07\/mersin-buyuksehirden-6-subat-depremlerinin-2-yilinda-sessiz-yuruyus\/","title":{"rendered":"MERS\u0130N B\u00dcY\u00dcK\u015eEH\u0130R\u2019DEN 6 \u015eUBAT DEPREMLER\u0130N\u0130N 2. YILINDA \u2018SESS\u0130Z Y\u00dcR\u00dcY\u00dc\u015e\u2019"},"content":{"rendered":"<p>Mersin B\u00fcy\u00fck\u015fehir Belediye Ba\u015fkan\u0131 Vahap Se\u00e7er, 6 \u015eubat depremlerinin 2. y\u0131l d\u00f6n\u00fcm\u00fcnde hayat\u0131n\u0131<br \/>\nkaybedenler i\u00e7in \u2018Sessizce Y\u00fcr\u00fcyor, Ac\u0131lara Ses Oluyoruz!\u2019 slogan\u0131yla d\u00fczenlenen \u2018Sessiz Y\u00fcr\u00fcy\u00fc\u015f\u2019e<br \/>\nkat\u0131ld\u0131. Vatanda\u015flar; Adnan Menderes Bulvar\u0131\u2019nda ba\u015flayan ve Amfi Tiyatro\u2019ya kadar sahil boyunca<br \/>\ndevam eden \u2018Sessiz Y\u00fcr\u00fcy\u00fc\u015f\u2019te ellerinde karanfiller, me\u015faleler ve yakalar\u0131nda kokartlarla y\u00fcr\u00fcd\u00fc.<br \/>\nMersin halk\u0131yla gurur duydu\u011funu s\u00f6yleyen Se\u00e7er, Mersin\u2019in depremden etkilenen \u015fehirlere en yak\u0131n il<br \/>\noldu\u011funu ve ilk g\u00fcnden itibaren depremzede yurtta\u015flar\u0131n Mersin halk\u0131 taraf\u0131ndan kucakland\u0131\u011f\u0131n\u0131<br \/>\ns\u00f6yledi. Se\u00e7er, \u201cBuraya gelen karde\u015flerimizi de a\u00e7ta, a\u00e7\u0131kta b\u0131rakmamak i\u00e7in t\u00fcm<br \/>\nhem\u015fehrilerimizle beraber onlar\u0131n yan\u0131nda durduk\u201d ifadelerini kulland\u0131. Mersin\u2019de 60 binden<br \/>\nfazla depremzede ailenin ya\u015fad\u0131\u011f\u0131n\u0131 dile getiren Se\u00e7er, \u201cOnlar bizim i\u00e7in art\u0131k misafir de\u011fil, birer<br \/>\nMersinli, ailemizin bir bireyi\u201d dedi.<br \/>\nMersin\u2019in endi\u015fe veren bir yap\u0131 zeminine sahip oldu\u011funu s\u00f6yleyen Se\u00e7er, \u201cMersin bir afet b\u00f6lgesi.<br \/>\nAfet, sadece karada olu\u015facak deprem de\u011fildir, biz sahil \u015fehriyiz. Burada Akdeniz\u2019de olu\u015facak<br \/>\nbir deprem neticesinde meydana gelecek tsunami de bir afettir. Deprem b\u00f6lgesi de\u011filiz gibi<br \/>\ng\u00f6r\u00fcn\u00fcyor ama Mersin\u2019in yap\u0131 stoku hepimizi derinden endi\u015felendiriyor\u201d dedi.Mersin B\u00fcy\u00fck\u015fehir Belediyesi ve 6 \u015eubat Ya\u015fam Derne\u011fi taraf\u0131ndan, 6 \u015eubat depremlerinin 2. y\u0131l<br \/>\nd\u00f6n\u00fcm\u00fcnde anma etkinli\u011fi d\u00fczenlendi. \u2018Sessizce Y\u00fcr\u00fcyor, Ac\u0131lara Ses Oluyoruz!\u2019 slogan\u0131yla<br \/>\nger\u00e7ekle\u015ftirilen program kapsam\u0131nda, hayat\u0131n\u0131 kaybedenler i\u00e7in \u2018Sessiz Y\u00fcr\u00fcy\u00fc\u015f\u2019 ve \u2018Anma T\u00f6reni\u2019<br \/>\nyap\u0131ld\u0131. Mersin B\u00fcy\u00fck\u015fehir Belediye Ba\u015fkan\u0131 Vahap Se\u00e7er ve Meral Se\u00e7er de y\u00fcr\u00fcy\u00fc\u015fe kat\u0131larak<br \/>\ndepremde hayat\u0131n\u0131 kaybedenleri and\u0131lar.<br \/>\nAnma program\u0131 kapsam\u0131nda d\u00fczenlenen y\u00fcr\u00fcy\u00fc\u015fe, Cumhuriyet Halk Partisi (CHP) Parti Meclisi \u00dcyesi<br \/>\nSemra Din\u00e7er, CHP Mersin Milletvekili G\u00fclcan K\u0131\u015f, Talat Din\u00e7er ve Hasan Ufuk \u00c7ak\u0131r, Toroslar<br \/>\nBelediye Ba\u015fkan\u0131 Abdurrahman Y\u0131ld\u0131z, CHP Mersin \u0130l Ba\u015fkan\u0131 Koral \u00d6m\u00fcr, siyasi partilerin<br \/>\ntemsilcileri, STK, oda ve derneklerin temsilcileri, Mersin\u2019de ya\u015fayan depremzedeler ile \u00e7ok say\u0131da<br \/>\nMersinli kat\u0131l\u0131m sa\u011flad\u0131.<br \/>\nAnma program\u0131nda duygu dolu anlar ya\u015fand\u0131<br \/>\nAdnan Menderes Bulvar\u0131\u2019nda ba\u015flayan sessiz y\u00fcr\u00fcy\u00fc\u015fte, vatanda\u015flar ellerinde karanfiller, me\u015faleler ve<br \/>\nyakalar\u0131nda kokartlarla y\u00fcr\u00fcd\u00fc. Mersin B\u00fcy\u00fck\u015fehir Belediyesi \u0130tfaiye Dairesi Ba\u015fkanl\u0131\u011f\u0131 ekipleri de<br \/>\ny\u00fcr\u00fcy\u00fc\u015fe, arama-kurtarma k\u00f6pekleriyle e\u015flik etti. Y\u00fcr\u00fcy\u00fc\u015fe kat\u0131lan vatanda\u015flar ellerinde me\u015faleler<br \/>\nta\u015f\u0131rken, bir k\u0131s\u0131m da cep telefonlar\u0131n\u0131n \u0131\u015f\u0131klar\u0131n\u0131 yakarak y\u00fcr\u00fcy\u00fc\u015fe d\u00e2hil oldu. Sahil \u015feridindeki<br \/>\n\u0131\u015f\u0131kland\u0131rmalar da y\u00fcr\u00fcy\u00fc\u015f s\u00fcresince kapal\u0131 tutuldu.<br \/>\nKat\u0131l\u0131mc\u0131lar; kortej Amfi Tiyatro\u2019daki anma alan\u0131na ula\u015ft\u0131\u011f\u0131nda, daha \u00f6nce murt dallar\u0131, defne<br \/>\nyapraklar\u0131 ve mumlarla dizayn edilmi\u015f anma platformuna y\u00fcr\u00fcy\u00fc\u015f boyunca ellerinde tuttuklar\u0131<br \/>\nkaranfilleri b\u0131rakt\u0131lar. Ard\u0131ndan 6 \u015eubat depremleri ile ilgili bir video g\u00f6sterimi yap\u0131ld\u0131.<br \/>\nBa\u015fkan Se\u00e7er: \u201cDeprem felaketi mevcut iktidar ve yerel y\u00f6netimlere bu ac\u0131lardan b\u00fcy\u00fck ders<br \/>\n\u00e7\u0131karmalar\u0131 gerekti\u011fini \u00f6\u011fretti\u201d<\/p>\n<p>Konu\u015fmas\u0131na 6 \u015eubat depremlerinde hayat\u0131n\u0131 kaybeden on binlerce yurtta\u015f\u0131 anarak ba\u015flayan Ba\u015fkan<br \/>\nSe\u00e7er, ya\u015fan\u0131lan afetin kendisine, T\u00fcrk milletinin felaket g\u00fcnlerinde, ola\u011fan\u00fcst\u00fc \u015fartlar ve ko\u015fullarda<br \/>\nnas\u0131l bir araya geldi\u011fini, toplumun bu insani duygular\u0131n\u0131n ne kadar y\u00fcksek oldu\u011funun yan\u0131 s\u0131ra 21.<br \/>\ny\u00fczy\u0131lda devlet gelene\u011fi 700 y\u0131l\u0131n \u00fczerinde bir deneyime sahip olan T\u00fcrkiye Cumhuriyeti devletinin<br \/>\nb\u00f6yle bir afetin felakete d\u00f6n\u00fc\u015fmesine nas\u0131l seyirci kald\u0131\u011f\u0131n\u0131 ve bu s\u00fcreci iyi y\u00f6netemedi\u011fini \u00f6\u011fretti\u011fini<br \/>\ns\u00f6yledi. Se\u00e7er, s\u00f6zlerinin siyasi bir m\u00fclahaza ile mevcut iktidar\u0131 ele\u015ftirmesinin \u00f6tesinde<br \/>\nde\u011ferlendirilmesi gerekti\u011fine dikkat \u00e7ekerek, \u201cBu felaket, gelece\u011fe dair bug\u00fcnleri unutturmama ve<br \/>\nbu eksikli\u011fimizi giderme ad\u0131na; ba\u015fta bug\u00fcnk\u00fc ve yar\u0131nki iktidar ile yerel y\u00f6netimlerin, bu<br \/>\nfelaketten ve ac\u0131lardan b\u00fcy\u00fck ders \u00e7\u0131karmalar\u0131 gerekti\u011fini \u00f6\u011fretti\u201d dedi.<br \/>\n\u201cMersinliler ilk andan itibaren depremzedelere kucak a\u00e7t\u0131\u201d<br \/>\nDepremden etkilenen \u015fehirlere en yak\u0131n ilin Mersin oldu\u011funu aktaran Se\u00e7er, ilk g\u00fcnden itibaren<br \/>\ndepremzede yurtta\u015flar\u0131n Mersin halk\u0131 taraf\u0131ndan kucakland\u0131\u011f\u0131n\u0131 s\u00f6yledi. Se\u00e7er, \u201cBurada o d\u00f6nemde<br \/>\ng\u00f6rev yapan t\u00fcm belediye ba\u015fkanlar\u0131m\u0131z, yerel y\u00f6neticilerimiz onlara kucak a\u00e7t\u0131. Devletimize<br \/>\nba\u011fl\u0131 t\u00fcm kurumlar\u0131n y\u00f6neticileri herkes ama herkes bir arada, \u2018Bu ola\u011fan\u00fcst\u00fc s\u00fcreci Mersin\u2019de<br \/>\nnas\u0131l y\u00f6netiriz\u2019 diye d\u00fc\u015f\u00fcnd\u00fc. Biz de \u00fczerimize d\u00fc\u015fen g\u00f6revi yapt\u0131k. Bu a\u00e7\u0131dan hem insanen hem<br \/>\nvicdanen son derece rahat bir belediye ba\u015fkan\u0131y\u0131m. Olay\u0131n oldu\u011fu ilk andan itibaren zaten ilgili<br \/>\nbirimlerimiz b\u00f6lgeye ula\u015fm\u0131\u015ft\u0131 ama buraya gelen karde\u015flerimizi de a\u00e7ta, a\u00e7\u0131kta b\u0131rakmamak i\u00e7in<br \/>\nt\u00fcm hem\u015fehrilerimizle beraber onlar\u0131n yan\u0131nda durduk\u201d ifadelerini kulland\u0131.<br \/>\n\u201cDepremzedeler bizim i\u00e7in art\u0131k misafir de\u011fil, ailemizin bir bireyi\u201d<br \/>\nBir y\u00f6netici olarak bu t\u00fcr felaketlerin ya\u015fanmamas\u0131 i\u00e7in sadece umut etmekle kalmay\u0131p depreme kar\u015f\u0131<br \/>\ndaha da bilin\u00e7li bir \u015fekilde g\u00f6rev yapt\u0131\u011f\u0131n\u0131 belirten Se\u00e7er, \u201c\u015eu anda \u015fehrimizde bizimle beraber 60<br \/>\nbinden fazla depremzede aile ya\u015f\u0131yor ama hala kay\u0131tlar\u0131 kendi b\u00f6lgelerinde. Biz onlar\u0131 ba\u015f\u0131m\u0131z\u0131n<br \/>\n\u00fczerine koyduk, onlar\u0131 ailemiz g\u00f6rd\u00fck. Onlar bizim hem\u015fehrimiz. Onlar bizim i\u00e7in art\u0131k misafir<br \/>\nde\u011fil, birer Mersinli, bizim ailemizin bir bireyi olarak g\u00f6r\u00fcyoruz ve mutluyuz. Burada belediye<br \/>\nba\u015fkan\u0131n\u0131z olarak soka\u011fa \u00e7\u0131kt\u0131\u011f\u0131mda, deprem sonras\u0131 buraya gelen vatanda\u015f\u0131m\u0131n memnuniyetini<br \/>\ng\u00f6r\u00fcnce, \u015fehrime ve hem\u015fehrilerime dair s\u00f6yledi\u011fi \u00f6v\u00fcc\u00fc s\u00f6zleri duyduk\u00e7a, \u015fehrimle bir kez<br \/>\nde\u011fil, milyon kez onur ve gurur duyuyorum\u201d s\u00f6zlerine yer verdi.<br \/>\n\u201cMersin afet b\u00f6lgesidir, afet sadece deprem de\u011fildir\u201d<br \/>\nMersin\u2019in de afet riski ta\u015f\u0131yan bir b\u00f6lge oldu\u011funu vurgulayarak, gerekli \u00f6nlemlerin al\u0131nmas\u0131<br \/>\ngerekti\u011fini belirten Se\u00e7er, sadece depremin de\u011fil, Mersin\u2019in co\u011frafi konumu ve yap\u0131s\u0131 gere\u011fi; tsunami,<br \/>\norman yang\u0131n\u0131, sanayi kaynakl\u0131 patlamalar ve sel gibi afetlerin de b\u00fcy\u00fck risk ta\u015f\u0131d\u0131\u011f\u0131n\u0131 ifade ederek,<br \/>\n\u201cMersin bir afet b\u00f6lgesi. Afet, sadece karada olu\u015facak deprem de\u011fildir, biz sahil \u015fehriyiz.<br \/>\nBurada Akdeniz\u2019de olu\u015facak bir deprem neticesinde meydana gelecek tsunami de bir afettir.<br \/>\nDeprem b\u00f6lgesi de\u011filiz gibi g\u00f6r\u00fcn\u00fcyor ama Mersin\u2019in yap\u0131 stoku hepimizi derinden<br \/>\nendi\u015felendiriyor\u201d ifadelerine yer verdi.<br \/>\nYa\u015fan\u0131lan felaketin ard\u0131ndan h\u0131zla harekete ge\u00e7erek afete kar\u015f\u0131 diren\u00e7li kent olabilmek ad\u0131na Afet<br \/>\n\u0130\u015fleri Dairesi Ba\u015fkanl\u0131\u011f\u0131\u2019n\u0131 kurduklar\u0131n\u0131 vurgulayan Se\u00e7er, \u201c6 \u015eubat sonras\u0131 Afet \u0130\u015fleri Dairesi<br \/>\nBa\u015fkanl\u0131\u011f\u0131\u2019n\u0131 kurduk ve hemen \u00e7al\u0131\u015fmalar\u0131na ba\u015flad\u0131. Nerede, nas\u0131l yap\u0131lar\u0131m\u0131z var, bizim<br \/>\nzemin emniyetimiz ve yap\u0131 stokumuz nas\u0131l? Bu konuda \u00e7al\u0131\u015fmalar ba\u015flatt\u0131k. Sadece bununla<br \/>\nyetinmeyerek bilin\u00e7lendirme e\u011fitimleri yapt\u0131k\u201d diye konu\u015ftu.<br \/>\nSe\u00e7er, afet bilincinin art\u0131r\u0131lmas\u0131 i\u00e7in e\u011fitim \u00e7al\u0131\u015fmalar\u0131na da \u00f6nem verdiklerini belirterek, \u00f6zellikle<br \/>\n\u00e7ocuklara y\u00f6nelik deprem e\u011fitimi ve sim\u00fclasyonlar\u0131n\u0131n Mercan 100. Y\u0131l \u0130klim ve \u00c7evre Bilim<br \/>\nMerkezi\u2019nde ger\u00e7ekle\u015ftirildi\u011fini dile getirdi. Se\u00e7er, \u201cOkul \u00e7a\u011f\u0131ndaki \u00e7ocuklar\u0131m\u0131zdan ba\u015flamak<br \/>\n\u00fczere onlara deprem kar\u015f\u0131s\u0131nda nas\u0131l hareket edeceklerini, nas\u0131l davranacaklar\u0131n\u0131 anlatan<br \/>\ne\u011fitimler vermeye ba\u015flad\u0131k. Mercan 100. Y\u0131l \u0130klim ve \u00c7evre Bilim Merkezi\u2019mizde \u00e7ocuklar\u0131m\u0131z<br \/>\ndepremi, depremde nas\u0131l davranacaklar\u0131n\u0131 \u00f6\u011frensinler diye deprem konulu sim\u00fclasyon birimleri<br \/>\nolu\u015fturduk\u201d dedi.<br \/>\n\u201cAfet riski ta\u015f\u0131yan yap\u0131lar\u0131m\u0131z\u0131n d\u00f6n\u00fc\u015ft\u00fcr\u00fclmesine katk\u0131 sunaca\u011f\u0131z\u201d<\/p>\n<p>Se\u00e7er, afet riski ta\u015f\u0131yan konutlar\u0131n d\u00f6n\u00fc\u015f\u00fcm\u00fcn\u00fc h\u0131zland\u0131rmak amac\u0131yla imar de\u011fi\u015fiklikleri \u00fczerinde<br \/>\n\u00e7al\u0131\u015ft\u0131klar\u0131n\u0131 a\u00e7\u0131klayarak, \u201cBir\u00e7ok konutumuzun yerinde d\u00f6n\u00fc\u015f\u00fcm\u00fcn\u00fc ger\u00e7ekle\u015ftirmek \u00fczere<br \/>\nMersin B\u00fcy\u00fck\u015fehir Belediyesi\u2019nin t\u00fcm birimleri \u00e7al\u0131\u015fmalar\u0131n\u0131 deprem felaketinden itibaren<br \/>\nart\u0131rarak devam ettirdi. \u00d6zellikle afet riski ta\u015f\u0131yan konutlar\u0131m\u0131z\u0131n yenilenmesi i\u00e7in<br \/>\nvatanda\u015flar\u0131m\u0131za baz\u0131 katk\u0131lar sa\u011flayabilecek imar de\u011fi\u015fikli\u011fi ile ilgili \u00e7al\u0131\u015fmalar\u0131m\u0131z\u0131 da<br \/>\ns\u00fcrd\u00fcrece\u011fiz ve afet riski ta\u015f\u0131yan yap\u0131lar\u0131m\u0131z\u0131n d\u00f6n\u00fc\u015ft\u00fcr\u00fclmesine katk\u0131 sunaca\u011f\u0131z\u201d diye konu\u015ftu.<br \/>\n\u201cBizim g\u00f6revimiz afetlerin felakete d\u00f6n\u00fc\u015fmesini \u00f6nlemektir\u201d<br \/>\nY\u00f6neticilerin tedbirli olmas\u0131 halinde can ve mal kay\u0131plar\u0131n\u0131n en aza indirgenece\u011finin alt\u0131n\u0131 \u00e7izen ve<br \/>\nyap\u0131larda ranttan \u00f6nce insan sa\u011fl\u0131\u011f\u0131n\u0131n d\u00fc\u015f\u00fcn\u00fclmesi gerekti\u011fini s\u00f6yleyen Se\u00e7er, \u201cBiz tedbirimizi<br \/>\nalal\u0131m, yasalara uygun binalar yapal\u0131m. Vatanda\u015f\u0131m\u0131z deprem oldu\u011fu anda i\u015fyerinde, evinde ya<br \/>\nda ba\u015fka bir mek\u00e2nda nas\u0131l davranaca\u011f\u0131n\u0131 bilirse eminim ki can ve mal kay\u0131plar\u0131 en az d\u00fczeye<br \/>\ninecektir Biz bunlar\u0131 \u00fclke olarak ba\u015faramazsak, hala eski d\u00fczen yasalarla \u015fehirle\u015fmeye devam<br \/>\nedersek, akl\u0131m\u0131z fikrimiz rantta, karda, parada olursa, insan hayat\u0131n\u0131 hi\u00e7e sayarsak, insan\u0131m\u0131za<br \/>\nkar\u015f\u0131 sayg\u0131s\u0131z y\u00f6neticiler olursak bu ac\u0131lar\u0131 daha \u00e7ok ya\u015far\u0131z\u201d dedi. Afetlerin do\u011fan\u0131n ka\u00e7\u0131n\u0131lmaz<br \/>\nbir ger\u00e7e\u011fi oldu\u011funu ancak \u00f6nlem al\u0131nmad\u0131\u011f\u0131nda felakete d\u00f6n\u00fc\u015ft\u00fc\u011f\u00fcn\u00fc belirterek konu\u015fmas\u0131n\u0131<br \/>\ns\u00fcrd\u00fcren Se\u00e7er, \u201cD\u00fcnya var oldu\u011fu ve do\u011fa olaylar\u0131 ger\u00e7ekle\u015fti\u011fi s\u00fcrece mutlaka afetler<br \/>\nolacakt\u0131r. Bizim g\u00f6revimiz bu afetlerin felakete d\u00f6n\u00fc\u015fmesini \u00f6nlemektir\u201d ifadelerine yer verdi.<br \/>\n\u201c\u0130ktidar depremzede vatanda\u015flar\u0131n bir an \u00f6nce normale d\u00f6nebilmesi i\u00e7in \u00f6nlem almal\u0131\u201d<br \/>\nSe\u00e7er, deprem b\u00f6lgesindeki vatanda\u015flar\u0131n eski hayatlar\u0131na h\u0131zla kavu\u015fabilmesi i\u00e7in iktidara \u00e7a\u011fr\u0131 da<br \/>\nbulundu. Yerel y\u00f6netimin ve merkezi iktidar\u0131n \u00fczerine d\u00fc\u015feni yapmas\u0131n\u0131n \u00fclkeyi daha sayg\u0131n bir hale<br \/>\ngetirece\u011fine inand\u0131\u011f\u0131n\u0131 vurgulayan Se\u00e7er, \u201cDeprem b\u00f6lgesinde ya\u015fayan; yerinden, yuvas\u0131ndan olan<br \/>\nyurtta\u015flar\u0131m\u0131z ve oca\u011f\u0131 s\u00f6nen yurtta\u015flar\u0131m\u0131z\u0131n tekrar kendi memleketlerinde hayata<br \/>\ntutunmalar\u0131n\u0131 sa\u011flayacak \u00f6nlemlerin iktidar taraf\u0131ndan bir an \u00f6nce al\u0131nmas\u0131n\u0131n gerekti\u011fini<br \/>\nburadan bir kez daha vurgulamak istiyorum. Hem yerel y\u00f6netimler hem merkezi h\u00fck\u00fcmet<br \/>\n\u00fczerine d\u00fc\u015feni yaparsa \u00fclkemiz ya\u015fanabilir ve d\u00fcnyada sayg\u0131n bir \u00fclke olur\u201d diye konu\u015ftu.<br \/>\nS\u00f6zlerine, bilimin \u0131\u015f\u0131\u011f\u0131nda bir y\u00f6netim anlay\u0131\u015fla \u00e7al\u0131\u015fmalar\u0131n\u0131 s\u00fcrd\u00fcrd\u00fcklerini s\u00f6yleyerek devam eden<br \/>\nSe\u00e7er, \u201cBiz Mustafa Kemal Atat\u00fcrk&amp;#39;\u00fcn yolundan giden, ilimi, fenni bizim \u00f6nderimiz olarak<br \/>\nkabul eden, bilimin \u0131\u015f\u0131\u011f\u0131nda \u00e7al\u0131\u015fman\u0131n, \u00fclkeleri y\u00f6netmenin, \u015fehirleri y\u00f6netmenin en do\u011fru<br \/>\ny\u00f6ntem oldu\u011funa inanan y\u00f6neticiler olarak, bu anlay\u0131\u015fla \u00e7al\u0131\u015fmalar\u0131m\u0131za devam edece\u011fiz\u201d dedi.<br \/>\nKonu\u015fmas\u0131n\u0131n sonunda 6 \u015eubat depreminin ac\u0131s\u0131n\u0131 bir kez daha payla\u015ft\u0131\u011f\u0131n\u0131 belirten Se\u00e7er, hayat\u0131n\u0131<br \/>\nkaybedenlere rahmet dileyerek, bu t\u00fcr felaketlerin bir daha ya\u015fanmamas\u0131 temennisinde bulundu.<br \/>\n\u015eanl\u0131alp: \u201cSahada bizimle omuz omuza olan Ba\u015fkan\u0131m\u0131z Vahap Se\u00e7er\u2019e minnettar\u0131m\u201d<br \/>\n6 \u015eubat Ya\u015fam Derne\u011fi Ba\u015fkan\u0131 Dr. \u00c7i\u011fdem \u015eanl\u0131alp, konu\u015fmas\u0131na 6 \u015eubat depremlerinde hayat\u0131n\u0131<br \/>\nkaybeden on binlerce insan\u0131 anarak ba\u015flarken, 6 \u015eubat\u2019ta ya\u015fananlar\u0131 unutmak ve unutturmak<br \/>\nistemediklerini ifade etti. \u015eanl\u0131alp, o g\u00fcnlerde ya\u015fanan birlik duygusunun \u00e7ok \u00f6nemli oldu\u011funa<br \/>\nde\u011finerek, \u201c\u0130nan\u0131lmaz g\u00fcnler ya\u015fad\u0131k ve biz o g\u00fcn \u00f6teki olmay\u0131 unuttuk. Biz, o g\u00fcn \u2018bir olmay\u0131\u2019<br \/>\nve \u2018biz olmay\u0131\u2019 hat\u0131rlad\u0131k. Ben b\u00fct\u00fcn Mersin halk\u0131na ve bizimle makam, mevki tan\u0131madan<br \/>\nsahada el ele veren, omuz omuza olan Say\u0131n Belediye Ba\u015fkan\u0131m\u0131z Vahap Se\u00e7er\u2019e ve t\u00fcm belediye<br \/>\nba\u015fkanlar\u0131m\u0131za sonsuz minnettar\u0131m. Ben Mersin\u2019de ya\u015famaktan gurur duyuyorum. Biz<br \/>\nunutmayaca\u011f\u0131z, unutturmayaca\u011f\u0131z. \u00c7\u00fcnk\u00fc inan\u0131yoruz ki sevgi iyile\u015ftirir, ya\u015fam birle\u015ftirir\u201d diye<br \/>\nkonu\u015ftu.<br \/>\nProgram\u0131n sonunda, depremzede olarak Mersin\u2019e gelen ve 2 y\u0131ld\u0131r Mersin\u2019de ya\u015fayan 9 ya\u015f\u0131ndaki<br \/>\nAsya Yamanel, Se\u00e7er\u2019e karanfil verdi. Duygu dolu anlar\u0131n ya\u015fand\u0131\u011f\u0131 anma program\u0131, dayan\u0131\u015fma ve<br \/>\nbirlik mesajlar\u0131yla sona erdi<br \/>\nDepremde hayat\u0131n\u0131 kaybedenler i\u00e7in dualar okundu<br \/>\n\u00d6te yandan Mersin B\u00fcy\u00fck\u015fehir Belediyesi Mezarl\u0131klar Dairesi Ba\u015fkanl\u0131\u011f\u0131 taraf\u0131ndan Mersin Akbelen<br \/>\nMezarl\u0131\u011f\u0131\u2019nda ve Tarsus \u015eehir Mezarl\u0131\u011f\u0131\u2019nda 6 \u015eubat depremlerinde hayat\u0131n\u0131 kaybedenler i\u00e7in Kur\u2019an-<br \/>\n\u0131 Kerim okutuldu.<\/p>\n","protected":false},"excerpt":{"rendered":"<p>Mersin B\u00fcy\u00fck\u015fehir Belediye Ba\u015fkan\u0131 Vahap Se\u00e7er, 6 \u015eubat depremlerinin 2. y\u0131l d\u00f6n\u00fcm\u00fcnde hayat\u0131n\u0131 kaybedenler i\u00e7in \u2018Sessizce Y\u00fcr\u00fcyor, Ac\u0131lara Ses Oluyoruz!\u2019 slogan\u0131yla d\u00fczenlenen \u2018Sessiz Y\u00fcr\u00fcy\u00fc\u015f\u2019e kat\u0131ld\u0131. Vatanda\u015flar; Adnan Menderes Bulvar\u0131\u2019nda ba\u015flayan ve Amfi Tiyatro\u2019ya kadar sahil boyunca devam eden \u2018Sessiz Y\u00fcr\u00fcy\u00fc\u015f\u2019te ellerinde karanfiller, me\u015faleler ve yakalar\u0131nda kokartlarla y\u00fcr\u00fcd\u00fc. Mersin halk\u0131yla gurur duydu\u011funu s\u00f6yleyen Se\u00e7er, Mersin\u2019in depremden [&hellip;]<\/p>\n","protected":false},"author":1,"featured_media":4131,"comment_status":"open","ping_status":"open","sticky":false,"template":"","format":"standard","meta":{"footnotes":""},"categories":[7,9,259],"tags":[],"class_list":["post-4130","post","type-post","status-publish","format-standard","has-post-thumbnail","hentry","category-gundem","category-manset","category-mersin"],"_links":{"self":[{"href":"https:\/\/mersinmuhbir.com\/index.php\/wp-json\/wp\/v2\/posts\/4130","targetHints":{"allow":["GET"]}}],"collection":[{"href":"https:\/\/mersinmuhbir.com\/index.php\/wp-json\/wp\/v2\/posts"}],"about":[{"href":"https:\/\/mersinmuhbir.com\/index.php\/wp-json\/wp\/v2\/types\/post"}],"author":[{"embeddable":true,"href":"https:\/\/mersinmuhbir.com\/index.php\/wp-json\/wp\/v2\/users\/1"}],"replies":[{"embeddable":true,"href":"https:\/\/mersinmuhbir.com\/index.php\/wp-json\/wp\/v2\/comments?post=4130"}],"version-history":[{"count":0,"href":"https:\/\/mersinmuhbir.com\/index.php\/wp-json\/wp\/v2\/posts\/4130\/revisions"}],"wp:featuredmedia":[{"embeddable":true,"href":"https:\/\/mersinmuhbir.com\/index.php\/wp-json\/wp\/v2\/media\/4131"}],"wp:attachment":[{"href":"https:\/\/mersinmuhbir.com\/index.php\/wp-json\/wp\/v2\/media?parent=4130"}],"wp:term":[{"taxonomy":"category","embeddable":true,"href":"https:\/\/mersinmuhbir.com\/index.php\/wp-json\/wp\/v2\/categories?post=4130"},{"taxonomy":"post_tag","embeddable":true,"href":"https:\/\/mersinmuhbir.com\/index.php\/wp-json\/wp\/v2\/tags?post=4130"}],"curies":[{"name":"wp","href":"https:\/\/api.w.org\/{rel}","templated":true}]}}