{"id":4019,"date":"2025-01-14T10:37:16","date_gmt":"2025-01-14T07:37:16","guid":{"rendered":"https:\/\/www.mersinmuhbir.com\/?p=4019"},"modified":"2025-01-14T10:37:16","modified_gmt":"2025-01-14T07:37:16","slug":"bahadir-cetinkaya-10-ocak-calisan-gazeteciler-gununukutladi","status":"publish","type":"post","link":"https:\/\/mersinmuhbir.com\/index.php\/2025\/01\/14\/bahadir-cetinkaya-10-ocak-calisan-gazeteciler-gununukutladi\/","title":{"rendered":"BAHADIR \u00c7ET\u0130NKAYA, 10 OCAK \u00c7ALI\u015eAN GAZETEC\u0130LER G\u00dcN\u00dc\u2019N\u00dcKUTLADI"},"content":{"rendered":"<p style=\"font-weight: 400;\">Memleket Partisi Mersin Mezitli \u0130l\u00e7e Ba\u015fkan\u0131 Bahad\u0131r \u00c7etinkaya, 10 Ocak \u00c7al\u0131\u015fan Gazeteciler G\u00fcn\u00fc dolay\u0131s\u0131yla bir mesaj yay\u0131mlad\u0131.<\/p>\n<p style=\"font-weight: 400;\">Demokrasinin d\u00f6rd\u00fcnc\u00fc g\u00fcc\u00fcn\u00fcn bas\u0131n oldu\u011funu vurgulayan Ba\u015fkan \u00c7etinkaya, \u201cDemokrasiyi i\u00e7selle\u015ftirmi\u015f ve halk iradesinin etkin oldu\u011fu \u00fclkelerde bas\u0131n, en \u00f6nemli unsurlardan birisidir. Ge\u00e7mi\u015ften bug\u00fcne ara\u015ft\u0131rarak ve do\u011fru sorular sorarak halka \u0131\u015f\u0131k tutan gazeteciler, \u015f\u00fcphesiz ki en kritik zamanlarda iktidarlar\u0131n da yanl\u0131\u015f kararlar almas\u0131n\u0131n \u00f6n\u00fcnde en b\u00fcy\u00fck bariyer olmu\u015flard\u0131r. Gazeteciler, ger\u00e7eklere \u0131\u015f\u0131k tutarak; halk\u0131n sesi olma misyonuyla \u00f6nemli g\u00f6revler y\u00fcr\u00fctmekte ve y\u0131l\u0131n her g\u00fcn\u00fc y\u0131lmadan, yorulmadan \u00e7al\u0131\u015fmaktad\u0131rlar. Ancak bug\u00fcn geldi\u011fimiz noktada gazetecilerin \u2018tarafs\u0131zl\u0131k\u2019 ilkesinin g\u00f6lgede b\u0131rak\u0131larak, \u2018farkl\u0131 taraflarda\u2019 kategorize edilmeleri farkl\u0131 bir ger\u00e7e\u011fi g\u00f6zler \u00f6n\u00fcne sermektedir. Mevcut iktidar\u0131n ve yerelde farkl\u0131 siyasi g\u00f6r\u00fc\u015flere sahip iktidarlar\u0131n \u2018bas\u0131n\u2019 \u00fczerinde h\u00fck\u00fcm kurma gayretleri, bu onurlu mesle\u011fe yap\u0131lan b\u00fcy\u00fck bir sayg\u0131s\u0131zl\u0131k oldu\u011fu gibi, ayn\u0131 zamanda demokrasiye ve bas\u0131n \u00f6zg\u00fcrl\u00fc\u011f\u00fcne de vurulan bir han\u00e7erdir. Bu vesileyle; mesai kavram\u0131 g\u00f6zetmeden, zorlu ekonomik ve fiziki \u015fartlara kar\u015f\u0131 mesle\u011fini severek yapan; etik de\u011ferlerden asla vazge\u00e7meyen bas\u0131n mensuplar\u0131m\u0131z\u0131n 10 Ocak \u00c7al\u0131\u015fan Gazeteciler G\u00fcn\u00fc\u2019n\u00fc kutluyor, bas\u0131n\u0131n her daim \u00f6zg\u00fcr oldu\u011fu g\u00fcnlerde ya\u015famay\u0131 diliyorum.\u201d<\/p>\n","protected":false},"excerpt":{"rendered":"<p>Memleket Partisi Mersin Mezitli \u0130l\u00e7e Ba\u015fkan\u0131 Bahad\u0131r \u00c7etinkaya, 10 Ocak \u00c7al\u0131\u015fan Gazeteciler G\u00fcn\u00fc dolay\u0131s\u0131yla bir mesaj yay\u0131mlad\u0131. Demokrasinin d\u00f6rd\u00fcnc\u00fc g\u00fcc\u00fcn\u00fcn bas\u0131n oldu\u011funu vurgulayan Ba\u015fkan \u00c7etinkaya, \u201cDemokrasiyi i\u00e7selle\u015ftirmi\u015f ve halk iradesinin etkin oldu\u011fu \u00fclkelerde bas\u0131n, en \u00f6nemli unsurlardan birisidir. Ge\u00e7mi\u015ften bug\u00fcne ara\u015ft\u0131rarak ve do\u011fru sorular sorarak halka \u0131\u015f\u0131k tutan gazeteciler, \u015f\u00fcphesiz ki en kritik zamanlarda iktidarlar\u0131n [&hellip;]<\/p>\n","protected":false},"author":1,"featured_media":4020,"comment_status":"open","ping_status":"open","sticky":false,"template":"","format":"standard","meta":{"footnotes":""},"categories":[7,9,259],"tags":[],"class_list":["post-4019","post","type-post","status-publish","format-standard","has-post-thumbnail","hentry","category-gundem","category-manset","category-mersin"],"_links":{"self":[{"href":"https:\/\/mersinmuhbir.com\/index.php\/wp-json\/wp\/v2\/posts\/4019","targetHints":{"allow":["GET"]}}],"collection":[{"href":"https:\/\/mersinmuhbir.com\/index.php\/wp-json\/wp\/v2\/posts"}],"about":[{"href":"https:\/\/mersinmuhbir.com\/index.php\/wp-json\/wp\/v2\/types\/post"}],"author":[{"embeddable":true,"href":"https:\/\/mersinmuhbir.com\/index.php\/wp-json\/wp\/v2\/users\/1"}],"replies":[{"embeddable":true,"href":"https:\/\/mersinmuhbir.com\/index.php\/wp-json\/wp\/v2\/comments?post=4019"}],"version-history":[{"count":0,"href":"https:\/\/mersinmuhbir.com\/index.php\/wp-json\/wp\/v2\/posts\/4019\/revisions"}],"wp:featuredmedia":[{"embeddable":true,"href":"https:\/\/mersinmuhbir.com\/index.php\/wp-json\/wp\/v2\/media\/4020"}],"wp:attachment":[{"href":"https:\/\/mersinmuhbir.com\/index.php\/wp-json\/wp\/v2\/media?parent=4019"}],"wp:term":[{"taxonomy":"category","embeddable":true,"href":"https:\/\/mersinmuhbir.com\/index.php\/wp-json\/wp\/v2\/categories?post=4019"},{"taxonomy":"post_tag","embeddable":true,"href":"https:\/\/mersinmuhbir.com\/index.php\/wp-json\/wp\/v2\/tags?post=4019"}],"curies":[{"name":"wp","href":"https:\/\/api.w.org\/{rel}","templated":true}]}}