{"id":4006,"date":"2025-01-10T10:11:23","date_gmt":"2025-01-10T07:11:23","guid":{"rendered":"https:\/\/www.mersinmuhbir.com\/?p=4006"},"modified":"2025-01-10T10:11:23","modified_gmt":"2025-01-10T07:11:23","slug":"sehitoglu-gecim-derdi-gazetecilerin-uzerine-karabasan-gibi-cokmustur","status":"publish","type":"post","link":"https:\/\/mersinmuhbir.com\/index.php\/2025\/01\/10\/sehitoglu-gecim-derdi-gazetecilerin-uzerine-karabasan-gibi-cokmustur\/","title":{"rendered":"\u015eehito\u011flu: Ge\u00e7im derdi, gazetecilerin \u00fczerine karabasan gibi \u00e7\u00f6km\u00fc\u015ft\u00fcr!"},"content":{"rendered":"<p><strong>\u015eehito\u011flu, gazetecilik mesle\u011finin mevcut ko\u015fullar\u0131na vurgu yaparak bu \u00f6zel g\u00fcn\u00fc &#8220;buruk&#8221; bir \u015fekilde kar\u015f\u0131lad\u0131klar\u0131n\u0131 belirtti.<\/strong><\/p>\n<p>Mersin \u0130nternet Gazetecileri Cemiyeti Ba\u015fkan\u0131 ve Akdeniz Gazeteciler Federasyonu Genel Ba\u015fkan Yard\u0131mc\u0131s\u0131 A. Vahap \u015eehito\u011flu, 10 Ocak \u00c7al\u0131\u015fan Gazeteciler G\u00fcn\u00fc dolay\u0131s\u0131yla dikkat \u00e7ekici bir mesaj yay\u0131mlad\u0131. \u015eehito\u011flu, gazetecilik mesle\u011finin mevcut ko\u015fullar\u0131na vurgu yaparak bu \u00f6zel g\u00fcn\u00fc &#8220;buruk&#8221; bir \u015fekilde kar\u015f\u0131lad\u0131klar\u0131n\u0131 belirtti.<\/p>\n<p>&nbsp;<\/p>\n<p>\u015eehito\u011flu mesaj\u0131nda,\u00a0 &#8220;Her g\u00fcn oldu\u011fu gibi 10 Ocak \u00c7al\u0131\u015fan Gazeteciler G\u00fcn\u00fcn\u00fc de buruk kar\u015f\u0131l\u0131yoruz. Bug\u00fcn\u00fc kutlamak, sanki s\u0131radan bir g\u00fcn\u00fc kutlamak gibi bir \u015fey. \u00c7\u00fcnk\u00fc sahada \u00e7al\u0131\u015fan gazeteciler asgari \u00fccret bile alam\u0131yor. G\u00f6zalt\u0131lar, tutuklamalar, bas\u0131n kart\u0131 k\u0131s\u0131tlamalar\u0131 ve ge\u00e7im derdi, gazetecilerin \u00fczerine karabasan gibi \u00e7\u00f6km\u00fc\u015ft\u00fcr. Gazeteciler t\u00fcm haklar\u0131na kavu\u015fmadan, eski g\u00fcnlere d\u00f6nmesi de art\u0131k d\u00fc\u015f\u00fcn\u00fclm\u00fcyor. Usulden olan bu kutlama g\u00fcn\u00fcn\u00fc t\u00fcm internet, g\u00f6rsel, i\u015fitsel ve yaz\u0131l\u0131 bas\u0131n gazetecilerinin dayan\u0131\u015fma i\u00e7inde ge\u00e7irmesini diliyorum&#8221; dedi.<\/p>\n<p>&nbsp;<\/p>\n<p>Gazetecilik mesle\u011finin i\u00e7inde bulundu\u011fu zor \u015fartlara dikkat \u00e7eken \u015eehito\u011flu, \u00e7o\u011fu gazetecinin maddi s\u0131k\u0131nt\u0131lar ve mesleki bask\u0131lar alt\u0131nda \u00e7al\u0131\u015ft\u0131\u011f\u0131n\u0131 ifade etti. Bas\u0131n \u00f6zg\u00fcrl\u00fc\u011f\u00fcn\u00fcn \u015fu anki durumu kar\u015f\u0131s\u0131nda eski g\u00fcnlere d\u00f6n\u00fclmesi \u00f6zlemine, mesleki haklar\u0131n iyile\u015ftirilmesine odaklan\u0131lmas\u0131n\u0131n \u00f6nemini vurgulad\u0131.<\/p>\n<p>&nbsp;<\/p>\n<p>\u015eehito\u011flu, kutlamalar\u0131n \u015f\u00f6len havas\u0131ndan \u00e7ok, dayan\u0131\u015fman\u0131n ve gazetecilik mesle\u011fine sahip \u00e7\u0131kman\u0131n anlam ta\u015f\u0131yaca\u011f\u0131na dikkat \u00e7ekerek, &#8220;Bug\u00fcn\u00fcn, gazeteciler aras\u0131nda dayan\u0131\u015fman\u0131n artmas\u0131 ve bu mesle\u011fin hak etti\u011fi de\u011feri yeniden kazanmas\u0131 i\u00e7in bir ad\u0131m olmas\u0131n\u0131 , gazetecilere maddi ve manevi deste\u011fin artmas\u0131n\u0131 diliyor ve \u00f6nemsiyorum&#8221; a\u00e7\u0131klamas\u0131nda bulundu.<\/p>\n","protected":false},"excerpt":{"rendered":"<p>\u015eehito\u011flu, gazetecilik mesle\u011finin mevcut ko\u015fullar\u0131na vurgu yaparak bu \u00f6zel g\u00fcn\u00fc &#8220;buruk&#8221; bir \u015fekilde kar\u015f\u0131lad\u0131klar\u0131n\u0131 belirtti. Mersin \u0130nternet Gazetecileri Cemiyeti Ba\u015fkan\u0131 ve Akdeniz Gazeteciler Federasyonu Genel Ba\u015fkan Yard\u0131mc\u0131s\u0131 A. Vahap \u015eehito\u011flu, 10 Ocak \u00c7al\u0131\u015fan Gazeteciler G\u00fcn\u00fc dolay\u0131s\u0131yla dikkat \u00e7ekici bir mesaj yay\u0131mlad\u0131. \u015eehito\u011flu, gazetecilik mesle\u011finin mevcut ko\u015fullar\u0131na vurgu yaparak bu \u00f6zel g\u00fcn\u00fc &#8220;buruk&#8221; bir \u015fekilde kar\u015f\u0131lad\u0131klar\u0131n\u0131 [&hellip;]<\/p>\n","protected":false},"author":1,"featured_media":4007,"comment_status":"open","ping_status":"open","sticky":false,"template":"","format":"standard","meta":{"footnotes":""},"categories":[7,9,259],"tags":[],"class_list":["post-4006","post","type-post","status-publish","format-standard","has-post-thumbnail","hentry","category-gundem","category-manset","category-mersin"],"_links":{"self":[{"href":"https:\/\/mersinmuhbir.com\/index.php\/wp-json\/wp\/v2\/posts\/4006","targetHints":{"allow":["GET"]}}],"collection":[{"href":"https:\/\/mersinmuhbir.com\/index.php\/wp-json\/wp\/v2\/posts"}],"about":[{"href":"https:\/\/mersinmuhbir.com\/index.php\/wp-json\/wp\/v2\/types\/post"}],"author":[{"embeddable":true,"href":"https:\/\/mersinmuhbir.com\/index.php\/wp-json\/wp\/v2\/users\/1"}],"replies":[{"embeddable":true,"href":"https:\/\/mersinmuhbir.com\/index.php\/wp-json\/wp\/v2\/comments?post=4006"}],"version-history":[{"count":0,"href":"https:\/\/mersinmuhbir.com\/index.php\/wp-json\/wp\/v2\/posts\/4006\/revisions"}],"wp:featuredmedia":[{"embeddable":true,"href":"https:\/\/mersinmuhbir.com\/index.php\/wp-json\/wp\/v2\/media\/4007"}],"wp:attachment":[{"href":"https:\/\/mersinmuhbir.com\/index.php\/wp-json\/wp\/v2\/media?parent=4006"}],"wp:term":[{"taxonomy":"category","embeddable":true,"href":"https:\/\/mersinmuhbir.com\/index.php\/wp-json\/wp\/v2\/categories?post=4006"},{"taxonomy":"post_tag","embeddable":true,"href":"https:\/\/mersinmuhbir.com\/index.php\/wp-json\/wp\/v2\/tags?post=4006"}],"curies":[{"name":"wp","href":"https:\/\/api.w.org\/{rel}","templated":true}]}}