{"id":3824,"date":"2024-10-18T17:07:09","date_gmt":"2024-10-18T14:07:09","guid":{"rendered":"https:\/\/www.mersinmuhbir.com\/?p=3824"},"modified":"2024-10-18T17:07:09","modified_gmt":"2024-10-18T14:07:09","slug":"gercekler-ortaya-cikti-baskan-tuncere-atilan-iddialar-asilsiz-cikti","status":"publish","type":"post","link":"https:\/\/mersinmuhbir.com\/index.php\/2024\/10\/18\/gercekler-ortaya-cikti-baskan-tuncere-atilan-iddialar-asilsiz-cikti\/","title":{"rendered":"GER\u00c7EKLER ORTAYA \u00c7IKTI: BA\u015eKAN TUNCER&#8217;E ATILAN \u0130DD\u0130ALAR ASILSIZ \u00c7IKTI!"},"content":{"rendered":"<p class=\"s3\"><span class=\"s4\">Son d\u00f6nemde Mezitli Belediye Ba\u015fkan\u0131 Ahmet Serkan Tuncer hakk\u0131nda ortaya at\u0131lan iddialar\u0131n as\u0131ls\u0131z oldu\u011fu ortaya \u00e7\u0131kt\u0131. Ba\u015fkan Tuncer&#8217;in \u00f6zel hayat\u0131na y\u00f6nelik yap\u0131lan haberlerin, ger\u00e7ekle hi\u00e7bir ilgisi olmad\u0131\u011f\u0131 ve mesnetsiz iftiralara dayand\u0131\u011f\u0131 belirlendi.<\/span><\/p>\n<p class=\"s3\"><span class=\"s4\">Ba\u015fkan Ahmet Serkan Tuncer ve e\u015fi, medeni bir \u015fekilde ve anla\u015farak yollar\u0131n\u0131 ay\u0131rm\u0131\u015f olup, bu s\u00fcre\u00e7te herhangi bir anla\u015fmazl\u0131k ya\u015fanmam\u0131\u015ft\u0131r. Ortaya at\u0131lan iddialar\u0131n aksine, bo\u015fanma s\u00fcreci tamamen kar\u015f\u0131l\u0131kl\u0131 anlay\u0131\u015f \u00e7er\u00e7evesinde ger\u00e7ekle\u015fmi\u015f ve her iki taraf da bu karar\u0131 ortak bir \u015fekilde alm\u0131\u015ft\u0131r.<\/span><\/p>\n<p class=\"s3\"><span class=\"s4\">Son d\u00f6nemde baz\u0131 medya kurulu\u015flar\u0131 taraf\u0131ndan g\u00fcndeme getirilen ve Ba\u015fkan Tuncer&#8217;in ailesini hedef alan haberlerin do\u011fruluk pay\u0131 bulunmad\u0131\u011f\u0131 gibi, bu haberlerin tamamen kurgusal ve iftira niteli\u011finde oldu\u011fu anla\u015f\u0131lm\u0131\u015ft\u0131r. \u0130ddialar\u0131n, Mezitli Belediye Ba\u015fkan\u0131&#8217;n\u0131n \u00f6zel hayat\u0131n\u0131 hedef alarak, siyasi ve ki\u015fisel itibar\u0131n\u0131 zedeleme amac\u0131 ta\u015f\u0131d\u0131\u011f\u0131 de\u011ferlendirilmekte.<\/span><span class=\"s4\"> Mezitli halk\u0131 taraf\u0131ndan \u00e7ok sevilen ve \u00e7al\u0131\u015fmalar\u0131 takdir toplayan Ba\u015fkan Tuncer\u2019e y\u00f6nelik iddialar\u0131n as\u0131ls\u0131z oldu\u011fu belirlendi. Haberi yapan \u015fah\u0131s\u0131n kar\u015f\u0131 taraf\u0131n avukat\u0131ndan bilgiler ald\u0131\u011f\u0131na dair s\u00f6zlerde, kar\u015f\u0131 taraf\u0131n avukat\u0131 taraf\u0131ndan reddedildi. Kar\u015f\u0131 taraf\u0131n Avukat\u0131 da bu haberi yapan \u015fah\u0131s <\/span><span class=\"s4\">hakk\u0131nda su\u00e7 duyurusunda bulundu. Haberin tamamen kurgusal ve farkl\u0131 \u00e7\u0131karlar g\u00f6zetti\u011fi anla\u015f\u0131ld\u0131. <\/span><\/p>\n<p class=\"s3\"><span class=\"s4\">Ba\u015fkan Tuncer&#8217;in yapt\u0131\u011f\u0131 a\u00e7\u0131klamada, &#8220;E\u015fimle kar\u015f\u0131l\u0131kl\u0131 anla\u015farak ve uzla\u015f\u0131yla yollar\u0131m\u0131z\u0131 ay\u0131rd\u0131k. Bu s\u00fcre\u00e7te ailem ve \u015fahs\u0131m hakk\u0131nda \u00e7\u0131kar\u0131lan iftiralar tamamen akla ve mant\u0131\u011fa s\u0131\u011fmayan, ger\u00e7ek d\u0131\u015f\u0131 iddialard\u0131r. Ailemi ve ki\u015fili\u011fimi hedef alan bu t\u00fcr mesnetsiz haberlerle ilgili olarak yasal haklar\u0131m\u0131z\u0131 sonuna kadar kullanaca\u011f\u0131z,&#8221; ifadelerini kulland\u0131.<\/span><\/p>\n<p class=\"s3\"><span class=\"s4\">Ba\u015fkan Tuncer, bu t\u00fcr as\u0131ls\u0131z haberlerin amac\u0131n\u0131n, Mezitli Belediyesi&#8217;nin ba\u015far\u0131l\u0131 \u00e7al\u0131\u015fmalar\u0131n\u0131 g\u00f6lgelemek ve kamuoyunda olumsuz bir alg\u0131 yaratmak oldu\u011funu belirtti. Mezitli&#8217;de halk\u0131n g\u00fcvenini kazanarak g\u00f6reve gelen Ba\u015fkan Tuncer, belediye hizmetlerinin aksamadan devam edece\u011fini ve bu t\u00fcr giri\u015fimlerin kendisini ve ekibini asla y\u0131ld\u0131ramayaca\u011f\u0131n\u0131 vurgulad\u0131.<\/span><span class=\"s4\"> Haberi yapan \u015fah\u0131s\u0131n Ba\u015fkan Tuncer\u2019i haberi yapmadan \u00f6nce arad\u0131\u011f\u0131 ve g\u00f6r\u00fc\u015fmek istedi\u011fi, Ba\u015fkan Tuncer\u2019in de makam\u0131na \u00e7a\u011f\u0131rd\u0131\u011f\u0131 ancak \u015fah\u0131s\u0131n d\u0131\u015far\u0131da \u00f6zel g\u00f6r\u00fc\u015fmek istedi\u011fi anla\u015f\u0131ld\u0131. \u015eah\u0131s\u0131n belli \u00e7\u0131karlar g\u00f6zetti\u011fi belirtildi. <\/span><\/p>\n<p class=\"s3\"><span class=\"s4\">\u00d6zellikle CHP\u2019li belediyelere y\u00f6nelik artan iftira kampanyalar\u0131 kar\u015f\u0131s\u0131nda Ba\u015fkan Ahmet Serkan Tuncer, g\u00f6revine ve Mezitli halk\u0131na olan ba\u011fl\u0131l\u0131\u011f\u0131na dikkat \u00e7ekerek, yap\u0131lan iyi i\u015flerin bu t\u00fcr giri\u015fimlerle g\u00f6lgelenemeyece\u011fini ifade etti. &#8220;Bu s\u00fcre\u00e7te do\u011fru bilgilere ula\u015fman\u0131n ve ger\u00e7ekleri g\u00f6rmenin herkes i\u00e7in \u00f6nemli oldu\u011funu d\u00fc\u015f\u00fcn\u00fcyoruz,<\/span> <span class=\"s4\">&#8221; dedi.<\/span><\/p>\n<p class=\"s3\"><span class=\"s4\">Ba\u015fkan Tuncer taraf\u0131ndan<\/span><span class=\"s4\"> yap\u0131lan a\u00e7\u0131klamada, konuya dair yasal s\u00fcre\u00e7lerin ba\u015flat\u0131ld\u0131\u011f\u0131 ve hukuki m\u00fccadelenin s\u00fcrd\u00fcr\u00fclece\u011fi belirtildi. \u0130ftira ve yalan haberlerle m\u00fccadelede kararl\u0131l\u0131klar\u0131n\u0131 s\u00fcrd\u00fcreceklerini belirten yetkililer, Mezitli halk\u0131n\u0131n deste\u011fiyle projelerine ve hizmetlerine ara vermeden devam edeceklerini duyurdu.<\/span><\/p>\n","protected":false},"excerpt":{"rendered":"<p>Son d\u00f6nemde Mezitli Belediye Ba\u015fkan\u0131 Ahmet Serkan Tuncer hakk\u0131nda ortaya at\u0131lan iddialar\u0131n as\u0131ls\u0131z oldu\u011fu ortaya \u00e7\u0131kt\u0131. Ba\u015fkan Tuncer&#8217;in \u00f6zel hayat\u0131na y\u00f6nelik yap\u0131lan haberlerin, ger\u00e7ekle hi\u00e7bir ilgisi olmad\u0131\u011f\u0131 ve mesnetsiz iftiralara dayand\u0131\u011f\u0131 belirlendi. Ba\u015fkan Ahmet Serkan Tuncer ve e\u015fi, medeni bir \u015fekilde ve anla\u015farak yollar\u0131n\u0131 ay\u0131rm\u0131\u015f olup, bu s\u00fcre\u00e7te herhangi bir anla\u015fmazl\u0131k ya\u015fanmam\u0131\u015ft\u0131r. Ortaya at\u0131lan iddialar\u0131n [&hellip;]<\/p>\n","protected":false},"author":1,"featured_media":3825,"comment_status":"open","ping_status":"open","sticky":false,"template":"","format":"standard","meta":{"footnotes":""},"categories":[7,9,259],"tags":[],"class_list":["post-3824","post","type-post","status-publish","format-standard","has-post-thumbnail","hentry","category-gundem","category-manset","category-mersin"],"_links":{"self":[{"href":"https:\/\/mersinmuhbir.com\/index.php\/wp-json\/wp\/v2\/posts\/3824","targetHints":{"allow":["GET"]}}],"collection":[{"href":"https:\/\/mersinmuhbir.com\/index.php\/wp-json\/wp\/v2\/posts"}],"about":[{"href":"https:\/\/mersinmuhbir.com\/index.php\/wp-json\/wp\/v2\/types\/post"}],"author":[{"embeddable":true,"href":"https:\/\/mersinmuhbir.com\/index.php\/wp-json\/wp\/v2\/users\/1"}],"replies":[{"embeddable":true,"href":"https:\/\/mersinmuhbir.com\/index.php\/wp-json\/wp\/v2\/comments?post=3824"}],"version-history":[{"count":0,"href":"https:\/\/mersinmuhbir.com\/index.php\/wp-json\/wp\/v2\/posts\/3824\/revisions"}],"wp:featuredmedia":[{"embeddable":true,"href":"https:\/\/mersinmuhbir.com\/index.php\/wp-json\/wp\/v2\/media\/3825"}],"wp:attachment":[{"href":"https:\/\/mersinmuhbir.com\/index.php\/wp-json\/wp\/v2\/media?parent=3824"}],"wp:term":[{"taxonomy":"category","embeddable":true,"href":"https:\/\/mersinmuhbir.com\/index.php\/wp-json\/wp\/v2\/categories?post=3824"},{"taxonomy":"post_tag","embeddable":true,"href":"https:\/\/mersinmuhbir.com\/index.php\/wp-json\/wp\/v2\/tags?post=3824"}],"curies":[{"name":"wp","href":"https:\/\/api.w.org\/{rel}","templated":true}]}}