{"id":3523,"date":"2024-08-13T11:49:48","date_gmt":"2024-08-13T08:49:48","guid":{"rendered":"https:\/\/www.mersinmuhbir.com\/?p=3523"},"modified":"2024-08-13T11:49:48","modified_gmt":"2024-08-13T08:49:48","slug":"ortu-alti-uretim-atiklari-elektrik-enerjisi-uretiminde-kullaniliyor","status":"publish","type":"post","link":"https:\/\/mersinmuhbir.com\/index.php\/2024\/08\/13\/ortu-alti-uretim-atiklari-elektrik-enerjisi-uretiminde-kullaniliyor\/","title":{"rendered":"\u00d6rt\u00fc alt\u0131 \u00fcretim at\u0131klar\u0131 elektrik enerjisi \u00fcretiminde kullan\u0131l\u0131yor"},"content":{"rendered":"<p>Mersin B\u00fcy\u00fck\u015fehir Belediyesi, \u00f6rt\u00fc alt\u0131 \u00fcretim at\u0131klar\u0131n\u0131 toplayarak kat\u0131 at\u0131k depolama ve geri d\u00f6n\u00fc\u015f\u00fcm bertaraf tesisinde elektrik enerjisi \u00fcretiminde kullan\u0131yor. At\u0131klar\u0131n toplanmas\u0131yla \u00fcreticiler hem zamandan hem maliyetten tasarruf ederken, hem de organik at\u0131klar\u0131n geri d\u00f6n\u00fc\u015f\u00fcm\u00fc sa\u011flan\u0131yor.<br \/>\nTar\u0131msal Hizmetler Dairesi Ba\u015fkanl\u0131\u011f\u0131 koordinesinde her y\u0131l \u00f6rt\u00fc alt\u0131 \u00fcretimin yo\u011fun oldu\u011fu yerlerde s\u00fcrd\u00fcr\u00fclen &#8216;Sera At\u0131klar\u0131n\u0131n Toplanmas\u0131&#8217; projesi bu y\u0131l da s\u00fcrd\u00fcr\u00fcl\u00fcyor. Yeni sezona haz\u0131rl\u0131k yapmak isteyen \u00fcreticilere destek olan B\u00fcy\u00fck\u015fehir Belediyesi, tarlas\u0131ndan toplad\u0131\u011f\u0131 organik at\u0131klar\u0131 bo\u015f arazilere, orman veya yol kenarlar\u0131na b\u0131rakan \u00fcreticileri bu dertten kurtard\u0131. Tarlalardan \u00e7\u0131kan organik at\u0131klar toplanarak, kat\u0131 at\u0131k ve bertaraf tesisine ula\u015ft\u0131r\u0131l\u0131yor. Bu sayede \u00fcreticiler i\u015f\u00e7i ve i\u015f y\u00fck\u00fc maliyetinden kurtuluyor.<\/p>\n<p>&#8220;Elektrik enerjisi \u00fcretiminde kullan\u0131yoruz&#8221;<br \/>\nTar\u0131msal Hizmetler Dairesi Ba\u015fkanl\u0131\u011f\u0131nda g\u00f6revli ziraat m\u00fchendisi Aysun Se\u00e7kin, Mersin&#8217;in \u00f6rt\u00fc alt\u0131 yeti\u015ftiricilik yapan illerin ba\u015f\u0131nda geldi\u011fini belirtti. Bu kapsamda \u00e7evreci bir anlay\u0131\u015fla hareket ederek Sera At\u0131klar\u0131n\u0131n Toplanmas\u0131 projesini y\u00fcr\u00fctt\u00fcklerini ifade eden Se\u00e7kin, &#8220;\u00d6rt\u00fc alt\u0131 \u00fcretimde, sezon bittikten sonra arta kalan \u00e7ok ciddi bir at\u0131k s\u00f6z konusu. Bu at\u0131klar\u0131 \u00fcreticiler daha \u00f6nce dere kenarlar\u0131na veya bo\u015f bulduklar\u0131 herhangi bir alana at\u0131yor veya yak\u0131yorlard\u0131. Bu da \u00e7evre kirlili\u011fi ile beraber, kimyasal at\u0131klar\u0131n da olu\u015fmas\u0131na sebep oluyordu. Bu durum hem insan, hem de \u00e7evre sa\u011fl\u0131\u011f\u0131n\u0131 ciddi \u015fekilde tehdit ediyordu. B\u00fcy\u00fck\u015fehir Belediyesi olarak, daha sa\u011fl\u0131kl\u0131 bir ortam ve \u00fcretim olsun istedik. Bu ama\u00e7la da bitkisel \u00fcretimde olu\u015fan, \u00f6zellikle de \u00f6rt\u00fc alt\u0131 yeti\u015ftiricili\u011finde olu\u015fan at\u0131klar\u0131n belli noktalardan toplanarak, bertaraf tesisimize g\u00f6t\u00fcr\u00fclmesini ve geri d\u00f6n\u00fc\u015f\u00fcme kazand\u0131r\u0131lmas\u0131n\u0131 ama\u00e7 edindik&#8221; dedi.<br \/>\nAkdeniz il\u00e7esinde \u00f6rt\u00fc alt\u0131 yeti\u015ftiricili\u011fin yap\u0131ld\u0131\u011f\u0131 Kazanl\u0131, Karacailyas, Adanal\u0131o\u011flu ve Abdullah \u015eahuto\u011flu mahallelerini pilot mahalle olarak belirlediklerini vurgulayan Se\u00e7kin, &#8220;\u00dcreticilerimiz, mahallelerde belirledi\u011fimiz at\u0131k toplama noktalar\u0131na bitkisel at\u0131klar\u0131n\u0131 getiriyorlar. Biz de bu at\u0131klar\u0131 Sar\u0131ibrahimli&#8217;de bulunan kat\u0131 at\u0131k depolama ve geri d\u00f6n\u00fc\u015f\u00fcm bertaraf tesisimizde g\u00f6t\u00fcrerek elektrik enerjisi \u00fcretiminde kullan\u0131yoruz&#8221; diye konu\u015ftu.<\/p>\n<p>&#8220;B\u00fcy\u00fck\u015fehir Belediyesi, \u00fcreticiyi ciddi bir maliyetten kurtar\u0131yor&#8221;<br \/>\nAdanal\u0131o\u011flu Mahalle Muhtar\u0131 Kaz\u0131m Can da eyl\u00fcl-ekim aylar\u0131nda ba\u015flayan ekim sezonununun temmuz-a\u011fustos aylar\u0131nda bitti\u011fini ifade etti. Sezon sonunda \u00fcreticilerin tarlalar\u0131ndan toplad\u0131klar\u0131 organik at\u0131klar\u0131 \u00e7evreye b\u0131rakt\u0131klar\u0131n\u0131 belirten Can, &#8220;B\u00fcy\u00fck\u015fehir Belediyesi, bu organik at\u0131klar\u0131 \u00e7evre kirlili\u011fi olmamas\u0131 i\u00e7in, her y\u0131l d\u00f6k\u00fcm sahas\u0131na g\u00f6t\u00fcr\u00fcyor. B\u00f6ylece \u00fcreticiyi de ciddi bir maliyetten kurtar\u0131yor. Bu sayede araziler at\u0131l kalm\u0131yor ve \u00e7evre kirlili\u011finin de \u00f6n\u00fcne ge\u00e7iliyor&#8221; dedi.<\/p>\n","protected":false},"excerpt":{"rendered":"<p>Mersin B\u00fcy\u00fck\u015fehir Belediyesi, \u00f6rt\u00fc alt\u0131 \u00fcretim at\u0131klar\u0131n\u0131 toplayarak kat\u0131 at\u0131k depolama ve geri d\u00f6n\u00fc\u015f\u00fcm bertaraf tesisinde elektrik enerjisi \u00fcretiminde kullan\u0131yor. At\u0131klar\u0131n toplanmas\u0131yla \u00fcreticiler hem zamandan hem maliyetten tasarruf ederken, hem de organik at\u0131klar\u0131n geri d\u00f6n\u00fc\u015f\u00fcm\u00fc sa\u011flan\u0131yor. Tar\u0131msal Hizmetler Dairesi Ba\u015fkanl\u0131\u011f\u0131 koordinesinde her y\u0131l \u00f6rt\u00fc alt\u0131 \u00fcretimin yo\u011fun oldu\u011fu yerlerde s\u00fcrd\u00fcr\u00fclen &#8216;Sera At\u0131klar\u0131n\u0131n Toplanmas\u0131&#8217; projesi bu [&hellip;]<\/p>\n","protected":false},"author":1,"featured_media":3524,"comment_status":"open","ping_status":"open","sticky":false,"template":"","format":"standard","meta":{"footnotes":""},"categories":[7,259],"tags":[],"class_list":["post-3523","post","type-post","status-publish","format-standard","has-post-thumbnail","hentry","category-gundem","category-mersin"],"_links":{"self":[{"href":"https:\/\/mersinmuhbir.com\/index.php\/wp-json\/wp\/v2\/posts\/3523","targetHints":{"allow":["GET"]}}],"collection":[{"href":"https:\/\/mersinmuhbir.com\/index.php\/wp-json\/wp\/v2\/posts"}],"about":[{"href":"https:\/\/mersinmuhbir.com\/index.php\/wp-json\/wp\/v2\/types\/post"}],"author":[{"embeddable":true,"href":"https:\/\/mersinmuhbir.com\/index.php\/wp-json\/wp\/v2\/users\/1"}],"replies":[{"embeddable":true,"href":"https:\/\/mersinmuhbir.com\/index.php\/wp-json\/wp\/v2\/comments?post=3523"}],"version-history":[{"count":0,"href":"https:\/\/mersinmuhbir.com\/index.php\/wp-json\/wp\/v2\/posts\/3523\/revisions"}],"wp:featuredmedia":[{"embeddable":true,"href":"https:\/\/mersinmuhbir.com\/index.php\/wp-json\/wp\/v2\/media\/3524"}],"wp:attachment":[{"href":"https:\/\/mersinmuhbir.com\/index.php\/wp-json\/wp\/v2\/media?parent=3523"}],"wp:term":[{"taxonomy":"category","embeddable":true,"href":"https:\/\/mersinmuhbir.com\/index.php\/wp-json\/wp\/v2\/categories?post=3523"},{"taxonomy":"post_tag","embeddable":true,"href":"https:\/\/mersinmuhbir.com\/index.php\/wp-json\/wp\/v2\/tags?post=3523"}],"curies":[{"name":"wp","href":"https:\/\/api.w.org\/{rel}","templated":true}]}}