{"id":3444,"date":"2024-08-07T10:36:39","date_gmt":"2024-08-07T07:36:39","guid":{"rendered":"https:\/\/www.mersinmuhbir.com\/?p=3444"},"modified":"2024-08-07T10:36:39","modified_gmt":"2024-08-07T07:36:39","slug":"baskan-boltac-bereketli-topraklarimiz-yeni-havalimani-sayesinde-dunyaya-daha-da-acilacak-degerine-deger-katacak","status":"publish","type":"post","link":"https:\/\/mersinmuhbir.com\/index.php\/2024\/08\/07\/baskan-boltac-bereketli-topraklarimiz-yeni-havalimani-sayesinde-dunyaya-daha-da-acilacak-degerine-deger-katacak\/","title":{"rendered":"Ba\u015fkan Bolta\u00e7: &#8220;Bereketli topraklar\u0131m\u0131z, yeni havaliman\u0131 sayesinde d\u00fcnyaya daha da a\u00e7\u0131lacak, de\u011ferine de\u011fer katacak&#8221;"},"content":{"rendered":"<p>Tarsus Belediye Ba\u015fkan\u0131 Ali Bolta\u00e7, \u00c7ukurova Uluslararas\u0131 Havaliman\u0131&#8217;n\u0131n 10 A\u011fustos&#8217;ta a\u00e7\u0131laca\u011f\u0131 belirterek, &#8220;Bereketli topraklar\u0131m\u0131z, yeni havaliman\u0131 sayesinde d\u00fcnyaya daha da a\u00e7\u0131lacak, de\u011ferine de\u011fer katacak&#8221; dedi.<br \/>\nTarsus Belediyesi A\u011fustos Ay\u0131 Ola\u011fan Meclis Toplant\u0131s\u0131&#8217;n\u0131n 1. Birle\u015fimi Ba\u015fkan Ali Bolta\u00e7 ba\u015fkanl\u0131\u011f\u0131nda ger\u00e7ekle\u015ftirildi. Belediye m\u00fcd\u00fcrl\u00fcklerinden ve komisyondan gelen evraklar g\u00f6r\u00fc\u015f\u00fclerek karara ba\u011fland\u0131. Kre\u015f M\u00fcd\u00fcrl\u00fc\u011f\u00fc b\u00fcnyesinde bulunan Kre\u015f ve G\u00fcnd\u00fcz Bak\u0131mevlerinin ayl\u0131k \u00fccretlerinin d\u00fczenlenmesi konusunun g\u00f6r\u00fc\u015f\u00fclmesi, Ta\u015fkuyu Ma\u011faras\u0131 \u00dccret Tarifesinin g\u00f6r\u00fc\u015f\u00fclmesi ve Sa\u011fl\u0131k \u0130\u015fleri M\u00fcd\u00fcrl\u00fc\u011f\u00fc b\u00fcnyesinde Engelli Hizmetleri Birim \u015eefli\u011finin kurulmas\u0131 ve Sa\u011fl\u0131k \u0130\u015fleri M\u00fcd\u00fcrl\u00fc\u011f\u00fc G\u00f6rev, Yetki ve Sorumluluklar\u0131 ile \u00c7al\u0131\u015fma Usul ve Esaslar\u0131na Dair Y\u00f6netmeli\u011fin g\u00f6r\u00fc\u015f\u00fclmesi oy birli\u011fi ile kabul edildi.<\/p>\n<p>&#8220;Belediye olarak SGK&#8217;ya borcumuz yok&#8221;<br \/>\nTarsus Belediyesi&#8217;nin SGK bor\u00e7lar\u0131na ili\u015fkin konu\u015fan Bolta\u00e7, &#8220;Bizim belediye olarak SGK&#8217;ya borcumuz yok ancak \u015firketimizin borcu var. Bir k\u0131sm\u0131n\u0131 yap\u0131land\u0131rd\u0131k. Kalan k\u0131sm\u0131 i\u00e7in \u00f6deme plan\u0131m\u0131z\u0131 yap\u0131yoruz. Bir di\u011fer \u015firketimiz ise TESK\u0130. Orada yap\u0131land\u0131rmaya uyulmam\u0131\u015f bor\u00e7 var. Biz bu anlamda bir nebze daha rahat\u0131z, s\u0131k\u0131nt\u0131 ya\u015famayaca\u011f\u0131z. Hi\u00e7bir zaman enkaz edebiyat\u0131 yapma gayesinde bulunmad\u0131m. Bu anlamda herhangi bir g\u00f6revde aksama olamayacak. Ama g\u00f6n\u00fcl isterdi ki bu i\u015flere asla gerek kalmas\u0131n. Bu konuda adalet zemininin iyi ayarlanmas\u0131 gerekiyor&#8221; diye konu\u015ftu.<\/p>\n<p>&#8220;Sokak hayvanlar\u0131yla ilgili seferberlik ilan ediyorum&#8221;<br \/>\nSon zamanlardan g\u00fcndemde olan sokak hayvanlar\u0131yla ilgili yasa hakk\u0131nda konu\u015fan Bolta\u00e7, &#8220;ya\u015fatmaya devam&#8221; yaz\u0131l\u0131 ti\u015f\u00f6rt\u00fc ile fark\u0131ndal\u0131k olu\u015fturdu. Ba\u015fkan Bolta\u00e7, &#8220;Yasa \u00e7\u0131kmadan \u00f6nce zaten biz gerekli \u00e7al\u0131\u015fmalar\u0131 ba\u015flatm\u0131\u015ft\u0131k. Veteriner Hizmetleri M\u00fcd\u00fcrl\u00fc\u011f\u00fcm\u00fcz\u00fcn koordinesinde, hayvanlar\u0131n rehabilitasyonu i\u00e7in etkili \u00e7\u00f6z\u00fcmler \u00fcretmeye \u00e7al\u0131\u015f\u0131yoruz. Bizler nas\u0131l birer canl\u0131 olarak ya\u015f\u0131yorsak, onlar\u0131 da ya\u015fatmak i\u00e7in \u00e7abalayaca\u011f\u0131z. Dostlar\u0131m\u0131za daha iyi ortamlar sa\u011flamak i\u00e7in planlamalar\u0131m\u0131z\u0131 yap\u0131yor, ad\u0131mlar\u0131m\u0131z\u0131 kararl\u0131l\u0131kla at\u0131yoruz. Bu konuda \u00fcz\u00fcnt\u00fc duyan b\u00fcy\u00fck bir kitle var. Bu anlamda seferberlik ilan ediyor, i\u015f insanlar\u0131na, STK&#8217;lara buradan \u00e7a\u011fr\u0131 g\u00f6nderiyorum. \u0130\u015fte sizlere sosyal sorumluluk projesi. El birli\u011fiyle bu sorunlar\u0131 ortadan kald\u0131ral\u0131m. Her canl\u0131n\u0131n ya\u015fam hakk\u0131na sayg\u0131 duyarak, onlara en iyi \u015fekilde hizmet etmek i\u00e7in var g\u00fcc\u00fcm\u00fczle \u00e7al\u0131\u015fal\u0131m&#8221; dedi.<\/p>\n<p>&#8220;Yeni havaliman\u0131m\u0131z\u0131n a\u00e7\u0131l\u0131\u015f\u0131n\u0131 heyacanla bekliyoruz&#8221;<br \/>\nBolta\u00e7, 10 A\u011fustos&#8217;ta a\u00e7\u0131lacak \u00c7ukurova Uluslararas\u0131 Havaliman\u0131&#8217;n\u0131n kent a\u00e7\u0131s\u0131ndan \u00f6nemine de\u011findi. Tarsus s\u0131n\u0131rlar\u0131 i\u00e7erisinde olan yeni havaliman\u0131n\u0131n a\u00e7\u0131l\u0131\u015f\u0131n\u0131 heyecanla beklediklerini dile getiren Bolta\u00e7, \u015f\u00f6yle devam etti: &#8220;Uzun y\u0131llard\u0131r bekledi\u011fimiz y\u0131ll\u0131k 9 milyon yolcunun kentimize gelece\u011fi \u00f6nemli bir havaliman\u0131. Bereketli topraklar\u0131m\u0131z, yeni havaliman\u0131 sayesinde d\u00fcnyaya daha da a\u00e7\u0131lacak, de\u011ferine de\u011fer katacak. Ula\u015f\u0131m ve ileti\u015fim a\u011flar\u0131m\u0131z\u0131n geli\u015fmesiyle, b\u00f6lgemizin stratejik \u00f6nemi artacak. Bu proje, havac\u0131l\u0131k alan\u0131ndaki en \u00f6nemli alt yap\u0131 yat\u0131r\u0131mlar\u0131ndan biri olma \u00f6zelli\u011fini ta\u015f\u0131yor. Ayn\u0131 zamanda \u015fehrimizdeki di\u011fer b\u00fcy\u00fck projeler de h\u0131zla ilerliyor. Organize sanayi b\u00f6lgesi ve yeni otel in\u015fas\u0131, Tarsus&#8217;u marka bir kent yapma yolunda \u00f6nemli ad\u0131mlar. Yat\u0131r\u0131mlar\u0131n artmas\u0131yla birlikte yeni sekt\u00f6rler geli\u015fecek ve istihdam imkanlar\u0131 geni\u015fleyecek. Tarsus, art\u0131k yepyeni bir kent kimli\u011fine b\u00fcr\u00fcn\u00fcyor.&#8221;<\/p>\n<p>Yaz \u015fenlikleri<br \/>\nHayata ge\u00e7irdikleri sabah sporu projesinden de bahseden Bolta\u00e7, Tarsus&#8217;un her zaman canl\u0131 bir kent olmas\u0131 i\u00e7in etkinlikleri s\u00fcrd\u00fcrd\u00fcklerini kaydetti. Ba\u015fkan Bolta\u00e7, &#8220;Bu yaz, her cumartesi Atat\u00fcrk G\u00f6steri Merkezi&#8217;nde Tarsus Yaz Ak\u015famlar\u0131 \u015eenli\u011fi&#8217;nde sizleri birbirinden renkli etkinliklerle bulu\u015fturuyoruz. \u0130lk a\u00e7\u0131k hava sinema g\u00f6sterimimizi &#8216;M\u00fcsl\u00fcm&#8217; filmi ile ba\u015flat\u0131yoruz. Gelin, yaz ak\u015famlar\u0131n\u0131 birlikte \u015fenlendirelim&#8221; diye konu\u015ftu.<br \/>\nK\u0131rsal Mahallelerde yap\u0131lan \u015fenliklere de de\u011finen Bolta\u00e7, vatanda\u015flar\u0131 B\u00fcy\u00fck\u015fehir Belediyesi ile koordineli d\u00fczenledikleri etkinliklere davet etti.<\/p>\n","protected":false},"excerpt":{"rendered":"<p>Tarsus Belediye Ba\u015fkan\u0131 Ali Bolta\u00e7, \u00c7ukurova Uluslararas\u0131 Havaliman\u0131&#8217;n\u0131n 10 A\u011fustos&#8217;ta a\u00e7\u0131laca\u011f\u0131 belirterek, &#8220;Bereketli topraklar\u0131m\u0131z, yeni havaliman\u0131 sayesinde d\u00fcnyaya daha da a\u00e7\u0131lacak, de\u011ferine de\u011fer katacak&#8221; dedi. Tarsus Belediyesi A\u011fustos Ay\u0131 Ola\u011fan Meclis Toplant\u0131s\u0131&#8217;n\u0131n 1. Birle\u015fimi Ba\u015fkan Ali Bolta\u00e7 ba\u015fkanl\u0131\u011f\u0131nda ger\u00e7ekle\u015ftirildi. Belediye m\u00fcd\u00fcrl\u00fcklerinden ve komisyondan gelen evraklar g\u00f6r\u00fc\u015f\u00fclerek karara ba\u011fland\u0131. Kre\u015f M\u00fcd\u00fcrl\u00fc\u011f\u00fc b\u00fcnyesinde bulunan Kre\u015f ve G\u00fcnd\u00fcz [&hellip;]<\/p>\n","protected":false},"author":1,"featured_media":3445,"comment_status":"open","ping_status":"open","sticky":false,"template":"","format":"standard","meta":{"footnotes":""},"categories":[7,259],"tags":[],"class_list":["post-3444","post","type-post","status-publish","format-standard","has-post-thumbnail","hentry","category-gundem","category-mersin"],"_links":{"self":[{"href":"https:\/\/mersinmuhbir.com\/index.php\/wp-json\/wp\/v2\/posts\/3444","targetHints":{"allow":["GET"]}}],"collection":[{"href":"https:\/\/mersinmuhbir.com\/index.php\/wp-json\/wp\/v2\/posts"}],"about":[{"href":"https:\/\/mersinmuhbir.com\/index.php\/wp-json\/wp\/v2\/types\/post"}],"author":[{"embeddable":true,"href":"https:\/\/mersinmuhbir.com\/index.php\/wp-json\/wp\/v2\/users\/1"}],"replies":[{"embeddable":true,"href":"https:\/\/mersinmuhbir.com\/index.php\/wp-json\/wp\/v2\/comments?post=3444"}],"version-history":[{"count":0,"href":"https:\/\/mersinmuhbir.com\/index.php\/wp-json\/wp\/v2\/posts\/3444\/revisions"}],"wp:featuredmedia":[{"embeddable":true,"href":"https:\/\/mersinmuhbir.com\/index.php\/wp-json\/wp\/v2\/media\/3445"}],"wp:attachment":[{"href":"https:\/\/mersinmuhbir.com\/index.php\/wp-json\/wp\/v2\/media?parent=3444"}],"wp:term":[{"taxonomy":"category","embeddable":true,"href":"https:\/\/mersinmuhbir.com\/index.php\/wp-json\/wp\/v2\/categories?post=3444"},{"taxonomy":"post_tag","embeddable":true,"href":"https:\/\/mersinmuhbir.com\/index.php\/wp-json\/wp\/v2\/tags?post=3444"}],"curies":[{"name":"wp","href":"https:\/\/api.w.org\/{rel}","templated":true}]}}