{"id":3404,"date":"2024-08-02T11:42:12","date_gmt":"2024-08-02T08:42:12","guid":{"rendered":"https:\/\/www.mersinmuhbir.com\/?p=3404"},"modified":"2024-08-02T11:42:12","modified_gmt":"2024-08-02T08:42:12","slug":"baskan-secer-mersinde-herkes-mutlu-ve-gelecekten-de-umutlu","status":"publish","type":"post","link":"https:\/\/mersinmuhbir.com\/index.php\/2024\/08\/02\/baskan-secer-mersinde-herkes-mutlu-ve-gelecekten-de-umutlu\/","title":{"rendered":"Ba\u015fkan Se\u00e7er: &#8220;Mersin&#8217;de herkes mutlu ve gelecekten de umutlu&#8221;"},"content":{"rendered":"<p>Mersin B\u00fcy\u00fck\u015fehir Belediye Ba\u015fkan\u0131 Vahap Se\u00e7er, Mersin&#8217;de herkesin mutlu ve gelecekten de umutlu oldu\u011funu s\u00f6yledi.<br \/>\nMersin B\u00fcy\u00fck\u015fehir Belediye Ba\u015fkan\u0131 Vahap Se\u00e7er, Toroslar il\u00e7esi \u00c7a\u011fda\u015fkent Mahalle Muhtarl\u0131\u011f\u0131 taraf\u0131ndan d\u00fczenlenen a\u015fure etkinli\u011fine kat\u0131ld\u0131. Etkinlikte konu\u015fan Se\u00e7er, &#8220;Mersin\u2019imizde huzur, birlik ve karde\u015flik i\u00e7erisinde ya\u015f\u0131yoruz. Biz Anadolu gibiyiz. Do\u011fu Anadolulu, G\u00fcneydo\u011fu Anadolulu, Orta Anadolulu, Karadenizli, Egeli; herkes burada. Farkl\u0131 etnik yap\u0131lar, inan\u00e7 gruplar\u0131 ve ekonomik yap\u0131daki insanlar Mersin\u2019de. Mersin, T\u00fcrkiye gibi. Mersin her ge\u00e7en g\u00fcn her a\u00e7\u0131dan \u00e7ok ileri noktalara gidiyor, gidecek de&#8221; dedi.<br \/>\nHer vatanda\u015f\u0131n kendi nezdinde e\u015fit oldu\u011funun alt\u0131n\u0131 \u00e7izen Se\u00e7er, &#8220;Biz hangi siyasi g\u00f6r\u00fc\u015ften olursa olsun; \u2018zengindir, fakirdir, \u015fu partiliydi, bu partiliydi, \u015fu mahalleliydi, \u015fu k\u00f6yl\u00fcyd\u00fc\u2019 demeden herkesi kucakl\u0131yoruz. Ge\u00e7ti\u011fimiz 5 y\u0131ll\u0131k s\u00fcrede kente \u00f6ncelikle bu duyguyu a\u015f\u0131lamak i\u00e7in gayret ettik. \u00c7ok \u015f\u00fck\u00fcr ki a\u015f\u0131 tuttu, Mersin&#8217;de herkes mutlu ve gelecekten de umutlu&#8221; diye konu\u015ftu.<\/p>\n<p>&#8220;Toroslar\u2019\u0131 \u00e7ok daha g\u00fczel noktalara getirece\u011fiz&#8221;<br \/>\nToroslar Belediye Ba\u015fkan\u0131 Abdurrahman Y\u0131ld\u0131z ile beraber kente hizmet edeceklerini belirten Se\u00e7er, &#8220;Abdurrahman Ba\u015fkan gece-g\u00fcnd\u00fcz demede \u00e7al\u0131\u015f\u0131yor, gayret ediyor. \u00c7\u00fcnk\u00fc, b\u00fcy\u00fck bir sorun yuma\u011f\u0131n\u0131 \u00e7\u00f6zmeye \u00e7al\u0131\u015f\u0131yor. Bizlerin de sizlerin de deste\u011fiyle Toroslar\u2019\u0131 \u00e7ok daha g\u00fczel noktalara getirece\u011fiz&#8221; dedi.<br \/>\nSe\u00e7ilen kad\u0131n muhtarlar\u0131 da tebrik eden Se\u00e7er, &#8220;Kad\u0131nlar her alanda arts\u0131n, \u00e7o\u011fals\u0131n. Kad\u0131nlar\u0131 siyasette, karar alma noktalar\u0131nda, y\u00f6netimlerde ve i\u015f d\u00fcnyas\u0131nda istiyoruz. Kad\u0131n demek, medeniyet demek. \u00c7al\u0131\u015fan, i\u015fine g\u00fcc\u00fcne giden, ayakta durabilen kad\u0131nlar\u0131 g\u00f6relim. Her zaman yan\u0131n\u0131zday\u0131z, hi\u00e7bir endi\u015feniz olmas\u0131n&#8221; diye konu\u015ftu.<\/p>\n<p>&#8220;Mutluluk, karde\u015flik, insanl\u0131k neymi\u015f; herkese g\u00f6sterece\u011fiz&#8221;<br \/>\nBa\u015fkan Y\u0131ld\u0131z ile Toroslar\u2019a hizmet edeceklerini vurgulayan Se\u00e7er, &#8220;Mutluluk, karde\u015flik, insanl\u0131k neymi\u015f; herkese g\u00f6sterece\u011fiz. Bunu iddiayla s\u00f6yl\u00fcyoruz. \u00d6yle ayr\u0131m gayr\u0131m yok. Bug\u00fcn Muharrem\u2019i yad ediyoruz. Bug\u00fcn yas g\u00fcn\u00fc. O zulme ve zalime kar\u015f\u0131 mazlumun verdi\u011fi m\u00fccadeleler bizlere \u00f6rnek olmal\u0131. Onlar\u0131n yolunda gidiyoruz. Onun i\u00e7in halk\u0131m\u0131z\u0131 ve insanlar\u0131m\u0131z\u0131 seviyoruz. Hi\u00e7 kimsenin endi\u015fesi olmas\u0131n&#8221; diyerek, a\u015furede eme\u011fi olanlara te\u015fekk\u00fcr etti.<br \/>\n\u00c7a\u011fda\u015fkent Mahalle Muhtar\u0131 Serminaz Da\u011fdelen de Muharrem ay\u0131n\u0131n d\u00fcnya \u00fczerinde bar\u0131\u015f, karde\u015flik, huzur ve mutlulu\u011fun ye\u015fermesine vesile olmas\u0131n\u0131 diledi.<br \/>\nKonu\u015fmalar\u0131n ard\u0131ndan a\u015fure duas\u0131 yap\u0131ld\u0131 ve a\u015fure da\u011f\u0131t\u0131m\u0131 ger\u00e7ekle\u015ftirildi. Etkinlikte ayr\u0131ca El Ele Sanat ve K\u00fclt\u00fcr Derne\u011fi\u2019nin Beyaz Melekler Ritim Korusu taraf\u0131ndan konser ger\u00e7ekle\u015ftirildi.<\/p>\n","protected":false},"excerpt":{"rendered":"<p>Mersin B\u00fcy\u00fck\u015fehir Belediye Ba\u015fkan\u0131 Vahap Se\u00e7er, Mersin&#8217;de herkesin mutlu ve gelecekten de umutlu oldu\u011funu s\u00f6yledi. Mersin B\u00fcy\u00fck\u015fehir Belediye Ba\u015fkan\u0131 Vahap Se\u00e7er, Toroslar il\u00e7esi \u00c7a\u011fda\u015fkent Mahalle Muhtarl\u0131\u011f\u0131 taraf\u0131ndan d\u00fczenlenen a\u015fure etkinli\u011fine kat\u0131ld\u0131. Etkinlikte konu\u015fan Se\u00e7er, &#8220;Mersin\u2019imizde huzur, birlik ve karde\u015flik i\u00e7erisinde ya\u015f\u0131yoruz. Biz Anadolu gibiyiz. Do\u011fu Anadolulu, G\u00fcneydo\u011fu Anadolulu, Orta Anadolulu, Karadenizli, Egeli; herkes burada. Farkl\u0131 [&hellip;]<\/p>\n","protected":false},"author":1,"featured_media":3405,"comment_status":"open","ping_status":"open","sticky":false,"template":"","format":"standard","meta":{"footnotes":""},"categories":[7,259],"tags":[],"class_list":["post-3404","post","type-post","status-publish","format-standard","has-post-thumbnail","hentry","category-gundem","category-mersin"],"_links":{"self":[{"href":"https:\/\/mersinmuhbir.com\/index.php\/wp-json\/wp\/v2\/posts\/3404","targetHints":{"allow":["GET"]}}],"collection":[{"href":"https:\/\/mersinmuhbir.com\/index.php\/wp-json\/wp\/v2\/posts"}],"about":[{"href":"https:\/\/mersinmuhbir.com\/index.php\/wp-json\/wp\/v2\/types\/post"}],"author":[{"embeddable":true,"href":"https:\/\/mersinmuhbir.com\/index.php\/wp-json\/wp\/v2\/users\/1"}],"replies":[{"embeddable":true,"href":"https:\/\/mersinmuhbir.com\/index.php\/wp-json\/wp\/v2\/comments?post=3404"}],"version-history":[{"count":0,"href":"https:\/\/mersinmuhbir.com\/index.php\/wp-json\/wp\/v2\/posts\/3404\/revisions"}],"wp:featuredmedia":[{"embeddable":true,"href":"https:\/\/mersinmuhbir.com\/index.php\/wp-json\/wp\/v2\/media\/3405"}],"wp:attachment":[{"href":"https:\/\/mersinmuhbir.com\/index.php\/wp-json\/wp\/v2\/media?parent=3404"}],"wp:term":[{"taxonomy":"category","embeddable":true,"href":"https:\/\/mersinmuhbir.com\/index.php\/wp-json\/wp\/v2\/categories?post=3404"},{"taxonomy":"post_tag","embeddable":true,"href":"https:\/\/mersinmuhbir.com\/index.php\/wp-json\/wp\/v2\/tags?post=3404"}],"curies":[{"name":"wp","href":"https:\/\/api.w.org\/{rel}","templated":true}]}}