{"id":3270,"date":"2024-07-26T13:26:42","date_gmt":"2024-07-26T10:26:42","guid":{"rendered":"https:\/\/www.mersinmuhbir.com\/?p=3270"},"modified":"2024-07-26T13:26:42","modified_gmt":"2024-07-26T10:26:42","slug":"mersin-deprem-tatbikatina-hazirlaniyor","status":"publish","type":"post","link":"https:\/\/mersinmuhbir.com\/index.php\/2024\/07\/26\/mersin-deprem-tatbikatina-hazirlaniyor\/","title":{"rendered":"Mersin deprem tatbikat\u0131na haz\u0131rlan\u0131yor"},"content":{"rendered":"<p>T\u00fcrkiye Afetle M\u00fccadele Plan\u0131 (TAMP) Mersin B\u00f6lge D\u00fczeyi Deprem Tatbikat\u0131 12 Eyl\u00fcl&#8217;de ger\u00e7ekle\u015ftirilecek. AFAD Ba\u015fkanl\u0131\u011f\u0131 taraf\u0131ndan haz\u0131rlanan senaryoya g\u00f6re; Ecemi\u015f Fay Hatt\u0131&#8217;nda merkez \u00fcss\u00fc Tarsus olan 7 b\u00fcy\u00fckl\u00fc\u011f\u00fcnde, Mersin, Ni\u011fde, Adana ve Konya&#8217;n\u0131n etkilendi\u011fi deprem tatbikat\u0131 yap\u0131lacak. Tatbikat, 24 saat ger\u00e7ek zamanl\u0131 olarak icra edilecek.<br \/>\nVali Ali Hamza Pehlivan ba\u015fkanl\u0131\u011f\u0131nda, afetlere ve acil durumlara haz\u0131rl\u0131k amac\u0131yla yerel, b\u00f6lgesel, ulusal ve uluslararas\u0131 m\u00fcdahale tatbikatlar\u0131n\u0131n planlama ve icras\u0131nda uygulanacak usul ve esaslara ili\u015fkin y\u00f6netmelik do\u011frultusunda 12 Eyl\u00fcl&#8217;de Mersin&#8217;de ger\u00e7ekle\u015ftirilecek TAMP Mersin B\u00f6lge D\u00fczeyi Tatbikat Toplant\u0131s\u0131 yap\u0131ld\u0131. Toplant\u0131da konu\u015fan Vali Pehlivan, afetlere haz\u0131rl\u0131kl\u0131 olman\u0131n hayati \u00f6nem ta\u015f\u0131d\u0131\u011f\u0131n\u0131 s\u00f6yledi. Tatbikatlar\u0131n, ilgili kurumlar\u0131n her daim haz\u0131rl\u0131kl\u0131 olmalar\u0131 ve gerekli \u00e7al\u0131\u015fmalar\u0131 etkin bir \u015fekilde yerine getirmesi a\u00e7\u0131s\u0131ndan \u00f6nemli bir imkan oldu\u011funu vurgulayan Pehlivan, &#8220;Bu haz\u0131rl\u0131k s\u00fcrecinin yak\u0131n i\u015f birli\u011fi ve koordinasyon i\u00e7inde en iyi \u015fekilde de\u011ferlendirilmesi gerekiyor. TAMP kapsam\u0131ndaki b\u00fct\u00fcn kurum ve kurulu\u015flar\u0131n konunun \u00f6nemine binaen azami hassasiyetle \u00fczerine d\u00fc\u015fen g\u00f6rev ve sorumluluklar\u0131 yerine getirece\u011fine inan\u0131yorum&#8221; dedi.<\/p>\n<p>&#8220;Tatbikat 24 saat ger\u00e7ek zamanl\u0131 olarak icra edilecek&#8221;<br \/>\nMersin&#8217;de 12 Eyl\u00fcl&#8217;de yap\u0131lacak TAMP Mersin B\u00f6lge D\u00fczeyi Deprem Tatbikat\u0131 kapsam\u0131nda AFAD Ba\u015fkanl\u0131\u011f\u0131 taraf\u0131ndan haz\u0131rlanan senaryoya g\u00f6re; Ecemi\u015f Fay Hatt\u0131&#8217;nda merkez \u00fcss\u00fc Tarsus il\u00e7esi olan 7 b\u00fcy\u00fckl\u00fc\u011f\u00fcnde, Mersin, Ni\u011fde, Adana ve Konya&#8217;n\u0131n etkilendi\u011fi bir deprem tatbikat\u0131 yap\u0131laca\u011f\u0131n\u0131 ifade eden Pehlivan, \u015f\u00f6yle devam etti:<br \/>\n&#8220;Bu kapsamda ilimize Antalya, Kayseri, \u00c7orum, Sakarya, Ankara ve Eski\u015fehir&#8217;den destek ekiplerinin gelmesi planlanmaktad\u0131r. Mersin, Ni\u011fde, Adana ve Konya&#8217;da e\u015f zamanl\u0131 olarak ger\u00e7ekle\u015fecek olan deprem tatbikat\u0131 ilimizde seviye 3 olarak belirlenmi\u015ftir. TAMP Mersin plan\u0131ndaki Afet Gruplar\u0131nda g\u00f6revli \u0130l Afet ve Acil Durum Koordinasyon Kurulu \u00fcyelerinin, ilgili kaymakaml\u0131klar\u0131n, kamu kurum ve kurulu\u015flar\u0131n\u0131n, sivil toplum kurulu\u015flar\u0131n\u0131n ve AFAD g\u00f6n\u00fcll\u00fclerinin kat\u0131l\u0131m\u0131yla Tarsus, Akdeniz, Toroslar, Yeni\u015fehir, Mezitli, \u00c7aml\u0131yayla il\u00e7elerinde 12 Eyl\u00fcl 2024&#8217;de saha tatbikat\u0131 yap\u0131lmas\u0131 planlanmaktad\u0131r. Tatbikat 24 saat ger\u00e7ek zamanl\u0131 olarak icra edilecek. Tatbikatta; enkazda arama kurtarma, sanayi yang\u0131n\u0131, tahliye, trafik kazas\u0131, beslenme, hasar tespiti, zarar tespiti, altyap\u0131 \u00e7al\u0131\u015fmalar\u0131, enerji ve haberle\u015fme \u00e7al\u0131\u015fmalar\u0131, ayni ba\u011f\u0131\u015f depo \u00e7al\u0131\u015fmalar\u0131, psikososyal destek \u00e7al\u0131\u015fmalar\u0131 icra edilmesi planlanmaktad\u0131r. Ayr\u0131ca masa ba\u015f\u0131 \u00e7al\u0131\u015fmalar\u0131 da Afet Y\u00f6netimi ve Karar Destek Sistemi (AYDES) \u00fczerinden icra edilecek.&#8221;<br \/>\n\u0130l Afet ve Acil Durum M\u00fcd\u00fcrl\u00fc\u011f\u00fc taraf\u0131ndan TAMP ve AYDES hakk\u0131nda bilgilendirme sunumlar\u0131n\u0131n yap\u0131ld\u0131\u011f\u0131 toplant\u0131da, acil durum m\u00fcdahale planlama esaslar\u0131, acil durum m\u00fcdahale s\u00fcreci, acil durum m\u00fcdahale plan\u0131n takibi, geli\u015ftirilmesi, g\u00fcncelle\u015ftirilmesi, acil durum m\u00fcdahale s\u00fcrecinin e\u011fitim, talim ve tatbikatlar\u0131na ili\u015fkin g\u00f6r\u00fc\u015f al\u0131\u015fveri\u015finde bulunuldu ve de\u011ferlendirmeler yap\u0131ld\u0131.<br \/>\nToplant\u0131ya, Akdeniz B\u00f6lge ve Garnizon Komutan\u0131 Tu\u011famiral Murat F\u0131rat, vali yard\u0131mc\u0131lar\u0131, kaymakamlar, kurum m\u00fcd\u00fcrleri ve TAMP kapsam\u0131ndaki STK temsilcileri kat\u0131ld\u0131.<\/p>\n","protected":false},"excerpt":{"rendered":"<p>T\u00fcrkiye Afetle M\u00fccadele Plan\u0131 (TAMP) Mersin B\u00f6lge D\u00fczeyi Deprem Tatbikat\u0131 12 Eyl\u00fcl&#8217;de ger\u00e7ekle\u015ftirilecek. AFAD Ba\u015fkanl\u0131\u011f\u0131 taraf\u0131ndan haz\u0131rlanan senaryoya g\u00f6re; Ecemi\u015f Fay Hatt\u0131&#8217;nda merkez \u00fcss\u00fc Tarsus olan 7 b\u00fcy\u00fckl\u00fc\u011f\u00fcnde, Mersin, Ni\u011fde, Adana ve Konya&#8217;n\u0131n etkilendi\u011fi deprem tatbikat\u0131 yap\u0131lacak. Tatbikat, 24 saat ger\u00e7ek zamanl\u0131 olarak icra edilecek. Vali Ali Hamza Pehlivan ba\u015fkanl\u0131\u011f\u0131nda, afetlere ve acil durumlara haz\u0131rl\u0131k [&hellip;]<\/p>\n","protected":false},"author":1,"featured_media":3271,"comment_status":"open","ping_status":"open","sticky":false,"template":"","format":"standard","meta":{"footnotes":""},"categories":[7,259],"tags":[],"class_list":["post-3270","post","type-post","status-publish","format-standard","has-post-thumbnail","hentry","category-gundem","category-mersin"],"_links":{"self":[{"href":"https:\/\/mersinmuhbir.com\/index.php\/wp-json\/wp\/v2\/posts\/3270","targetHints":{"allow":["GET"]}}],"collection":[{"href":"https:\/\/mersinmuhbir.com\/index.php\/wp-json\/wp\/v2\/posts"}],"about":[{"href":"https:\/\/mersinmuhbir.com\/index.php\/wp-json\/wp\/v2\/types\/post"}],"author":[{"embeddable":true,"href":"https:\/\/mersinmuhbir.com\/index.php\/wp-json\/wp\/v2\/users\/1"}],"replies":[{"embeddable":true,"href":"https:\/\/mersinmuhbir.com\/index.php\/wp-json\/wp\/v2\/comments?post=3270"}],"version-history":[{"count":0,"href":"https:\/\/mersinmuhbir.com\/index.php\/wp-json\/wp\/v2\/posts\/3270\/revisions"}],"wp:featuredmedia":[{"embeddable":true,"href":"https:\/\/mersinmuhbir.com\/index.php\/wp-json\/wp\/v2\/media\/3271"}],"wp:attachment":[{"href":"https:\/\/mersinmuhbir.com\/index.php\/wp-json\/wp\/v2\/media?parent=3270"}],"wp:term":[{"taxonomy":"category","embeddable":true,"href":"https:\/\/mersinmuhbir.com\/index.php\/wp-json\/wp\/v2\/categories?post=3270"},{"taxonomy":"post_tag","embeddable":true,"href":"https:\/\/mersinmuhbir.com\/index.php\/wp-json\/wp\/v2\/tags?post=3270"}],"curies":[{"name":"wp","href":"https:\/\/api.w.org\/{rel}","templated":true}]}}