{"id":3153,"date":"2024-07-23T16:07:01","date_gmt":"2024-07-23T13:07:01","guid":{"rendered":"https:\/\/www.mersinmuhbir.com\/?p=3153"},"modified":"2024-07-23T16:07:01","modified_gmt":"2024-07-23T13:07:01","slug":"mersin-ana-konteyner-limani-projesi-uzerine-aciklamalar","status":"publish","type":"post","link":"https:\/\/mersinmuhbir.com\/index.php\/2024\/07\/23\/mersin-ana-konteyner-limani-projesi-uzerine-aciklamalar\/","title":{"rendered":"Mersin Ana Konteyner Liman\u0131 Projesi \u00dczerine A\u00e7\u0131klamalar"},"content":{"rendered":"<p>Mersin Vapur Donatanlar\u0131 ve Acenteleri Derne\u011fi Ba\u015fkan\u0131 Murat U\u00e7ar, 1990 y\u0131l\u0131nda planlanan ve yeri hakk\u0131nda h\u00e2l\u00e2 karma\u015fa ya\u015fanan Ana Konteyner Liman\u0131 Projesi hakk\u0131nda \u00f6nemli a\u00e7\u0131klamalarda bulundu.<\/p>\n<p>Mersin Vapur Donatanlar\u0131 ve Acenteleri Derne\u011fi Ba\u015fkan\u0131 Murat U\u00e7ar, 1990 y\u0131l\u0131nda planlanan ancak yeri hakk\u0131nda g\u00fcn\u00fcm\u00fczde h\u00e2l\u00e2 belirsizlikler ya\u015fayan Ana Konteyner Liman\u0131 Projesi ile ilgili olarak \u00f6nemli a\u00e7\u0131klamalarda bulundu. U\u00e7ar, projenin Mersin i\u00e7in \u201ckanayan bir yara\u201d haline geldi\u011fini belirtti.<\/p>\n<p>Proje ve Yer Sorunlar\u0131<\/p>\n<p>U\u00e7ar, Ana Konteyner Liman\u0131 Projesi\u2019nin, Ula\u015ft\u0131rma Bakanl\u0131\u011f\u0131 taraf\u0131ndan \u201c3 denize 3 b\u00fcy\u00fck liman\u201d hedefi do\u011frultusunda g\u00fcndeme al\u0131nd\u0131\u011f\u0131n\u0131 ve Akdeniz, Karadeniz ve Ege&#8217;de b\u00fcy\u00fck liman projeleri aras\u0131nda yer ald\u0131\u011f\u0131n\u0131 s\u00f6yledi. Proje, 10. Kalk\u0131nma Plan\u0131\u2019nda yer alm\u0131\u015f ve fizibilite ile \u00c7ED \u00e7al\u0131\u015fmalar\u0131 tamamlanm\u0131\u015ft\u0131. Ancak, 11. Kalk\u0131nma Plan\u0131\u2019nda ve 2021 Y\u0131l\u0131 Cumhurba\u015fkanl\u0131\u011f\u0131 Y\u0131ll\u0131k Program\u0131\u2019nda projenin yerinin Mersin yerine Do\u011fu Akdeniz olarak ge\u00e7mesi, kentte endi\u015fe yaratm\u0131\u015f ve yat\u0131r\u0131m\u0131n ba\u015fka bir b\u00f6lgeye kayd\u0131r\u0131labilece\u011fi d\u00fc\u015f\u00fcn\u00fclm\u00fc\u015ft\u00fc. Son olarak, Adana Milletvekili \u00d6mer \u00c7elik taraf\u0131ndan Adana Ana Konteyner Liman\u0131&#8217;n\u0131n tahsisi onayland\u0131\u011f\u0131 a\u00e7\u0131klanm\u0131\u015ft\u0131r.<\/p>\n<p>Adana ve Mersin Aras\u0131ndaki \u00c7eli\u015fkiler<\/p>\n<p>U\u00e7ar, liman projesinin hem Adana\u2019ya hem de Mersin\u2019e yap\u0131laca\u011f\u0131na dair \u00e7eli\u015fkili a\u00e7\u0131klamalar yap\u0131ld\u0131\u011f\u0131n\u0131 belirterek, bu durumun her iki kent kamuoyunda net ve do\u011fru bilgiye olan ihtiyac\u0131 art\u0131rd\u0131\u011f\u0131n\u0131 vurgulad\u0131. Liman gibi b\u00fcy\u00fck yat\u0131r\u0131mlar\u0131n siyasi m\u00fclahazalar\u0131n \u00f6tesinde, do\u011fru planlamayla ve rasyonel bir yakla\u015f\u0131mla al\u0131nmas\u0131 gerekti\u011fini ifade etti.<\/p>\n<p>Mersin\u2019in Stratejik \u00d6nemi<\/p>\n<p>U\u00e7ar, Mersin\u2019in, T\u00fcrkiye\u2019nin hinterland\u0131 en geni\u015f liman kentlerinden biri oldu\u011funu ve mevcut liman\u0131n, uygun su derinli\u011fi, k\u00f6kl\u00fc d\u0131\u015f ticaret yetene\u011fi, geli\u015fmi\u015f lojistik altyap\u0131s\u0131 ve konteyner hatlar\u0131 a\u00e7\u0131s\u0131ndan projeye en uygun yer oldu\u011funu belirtti. Daha \u00f6nce \u0130spanyol ve Japon firmalar taraf\u0131ndan haz\u0131rlanan fizibilite raporlar\u0131nda da Mersin\u2019in en uygun yer olarak tespit edildi\u011fini hat\u0131rlatt\u0131.<\/p>\n<p>Adana\u2019n\u0131n \u0130htiya\u00e7lar\u0131 ve Mersin\u2019in \u00d6nemi<\/p>\n<p>U\u00e7ar, Adana\u2019n\u0131n da bir ihtisas liman\u0131na ihtiya\u00e7 duyabilece\u011fini kabul etmekle birlikte, hub liman\u0131 projeleri i\u00e7in Mersin\u2019den daha uygun bir yer bulunmad\u0131\u011f\u0131n\u0131 s\u00f6yledi. Mersin\u2019de mevcut liman\u0131n s\u0131k\u0131\u015f\u0131kl\u0131k sorunu ya\u015fad\u0131\u011f\u0131n\u0131 ve bu durumun ihracat\u00e7\u0131lar i\u00e7in zorluk yaratt\u0131\u011f\u0131n\u0131 belirterek, liman yat\u0131r\u0131m\u0131n\u0131n acilen hayata ge\u00e7irilmesi gerekti\u011fini ifade etti.<\/p>\n<p>Yanl\u0131\u015f Yat\u0131r\u0131mlar\u0131n Sonu\u00e7lar\u0131<\/p>\n<p>Murat U\u00e7ar, demiryolu altyap\u0131s\u0131na sahip g\u00fc\u00e7l\u00fc kara ba\u011flant\u0131lar\u0131 olan ve mevcut liman\u0131yla b\u00fcy\u00fck konteyner hatlar\u0131 taraf\u0131ndan kullan\u0131lan Mersin yerine, demiryolu altyap\u0131s\u0131 olmayan ve lojistik geli\u015fimini tamamlamam\u0131\u015f bir il\u00e7eye liman yapma \u00e7abalar\u0131n\u0131 anlaman\u0131n g\u00fc\u00e7 oldu\u011funu belirtti. Kaynaklar\u0131n s\u0131n\u0131rl\u0131 oldu\u011fu T\u00fcrkiye gibi bir \u00fclkede, b\u00f6yle b\u00fcy\u00fck yat\u0131r\u0131mlar\u0131n yanl\u0131\u015f yerde yap\u0131lmas\u0131n\u0131n israf anlam\u0131na gelece\u011fini vurgulad\u0131.<\/p>\n<p>U\u00e7ar\u2019\u0131n a\u00e7\u0131klamalar\u0131, Ana Konteyner Liman\u0131 Projesi&#8217;nin yer se\u00e7imindeki belirsizliklerin ve bu belirsizliklerin her iki kentte yaratt\u0131\u011f\u0131 endi\u015felerin alt\u0131n\u0131 \u00e7izdi. Yat\u0131r\u0131mlar\u0131n do\u011fru planlama ve rasyonel yakla\u015f\u0131mla yap\u0131lmas\u0131 gerekti\u011finin alt\u0131n\u0131 \u00e7izdi.<\/p>\n<p>&nbsp;<\/p>\n","protected":false},"excerpt":{"rendered":"<p>Mersin Vapur Donatanlar\u0131 ve Acenteleri Derne\u011fi Ba\u015fkan\u0131 Murat U\u00e7ar, 1990 y\u0131l\u0131nda planlanan ve yeri hakk\u0131nda h\u00e2l\u00e2 karma\u015fa ya\u015fanan Ana Konteyner Liman\u0131 Projesi hakk\u0131nda \u00f6nemli a\u00e7\u0131klamalarda bulundu. Mersin Vapur Donatanlar\u0131 ve Acenteleri Derne\u011fi Ba\u015fkan\u0131 Murat U\u00e7ar, 1990 y\u0131l\u0131nda planlanan ancak yeri hakk\u0131nda g\u00fcn\u00fcm\u00fczde h\u00e2l\u00e2 belirsizlikler ya\u015fayan Ana Konteyner Liman\u0131 Projesi ile ilgili olarak \u00f6nemli a\u00e7\u0131klamalarda bulundu. [&hellip;]<\/p>\n","protected":false},"author":1,"featured_media":3154,"comment_status":"open","ping_status":"open","sticky":false,"template":"","format":"standard","meta":{"footnotes":""},"categories":[1,7,9,259],"tags":[],"class_list":["post-3153","post","type-post","status-publish","format-standard","has-post-thumbnail","hentry","category-ekonomi","category-gundem","category-manset","category-mersin"],"_links":{"self":[{"href":"https:\/\/mersinmuhbir.com\/index.php\/wp-json\/wp\/v2\/posts\/3153","targetHints":{"allow":["GET"]}}],"collection":[{"href":"https:\/\/mersinmuhbir.com\/index.php\/wp-json\/wp\/v2\/posts"}],"about":[{"href":"https:\/\/mersinmuhbir.com\/index.php\/wp-json\/wp\/v2\/types\/post"}],"author":[{"embeddable":true,"href":"https:\/\/mersinmuhbir.com\/index.php\/wp-json\/wp\/v2\/users\/1"}],"replies":[{"embeddable":true,"href":"https:\/\/mersinmuhbir.com\/index.php\/wp-json\/wp\/v2\/comments?post=3153"}],"version-history":[{"count":0,"href":"https:\/\/mersinmuhbir.com\/index.php\/wp-json\/wp\/v2\/posts\/3153\/revisions"}],"wp:featuredmedia":[{"embeddable":true,"href":"https:\/\/mersinmuhbir.com\/index.php\/wp-json\/wp\/v2\/media\/3154"}],"wp:attachment":[{"href":"https:\/\/mersinmuhbir.com\/index.php\/wp-json\/wp\/v2\/media?parent=3153"}],"wp:term":[{"taxonomy":"category","embeddable":true,"href":"https:\/\/mersinmuhbir.com\/index.php\/wp-json\/wp\/v2\/categories?post=3153"},{"taxonomy":"post_tag","embeddable":true,"href":"https:\/\/mersinmuhbir.com\/index.php\/wp-json\/wp\/v2\/tags?post=3153"}],"curies":[{"name":"wp","href":"https:\/\/api.w.org\/{rel}","templated":true}]}}