{"id":2840,"date":"2024-07-02T12:23:55","date_gmt":"2024-07-02T09:23:55","guid":{"rendered":"https:\/\/www.mersinmuhbir.com\/?p=2840"},"modified":"2024-07-02T12:23:55","modified_gmt":"2024-07-02T09:23:55","slug":"coskunfirat-her-yil-madimak-da-yasanan-acilar-yureklerde-tekrar-yasaniyor","status":"publish","type":"post","link":"https:\/\/mersinmuhbir.com\/index.php\/2024\/07\/02\/coskunfirat-her-yil-madimak-da-yasanan-acilar-yureklerde-tekrar-yasaniyor\/","title":{"rendered":"CO\u015eKUNFIRAT \u2018\u2019HER YIL MADIMAK DA YA\u015eANAN ACILAR Y\u00dcREKLERDE TEKRAR YA\u015eANIYOR \u2018\u2019"},"content":{"rendered":"<p>AKDEN\u0130Z BASIN B\u0130RL\u0130\u011e\u0130 BA\u015eKANI HAYDA RCO\u015eKUNFIRAT S\u0130VAS MADIMAK KATL\u0130AMININ 31. YIL<br \/>\nD\u00d6N\u00dcM\u00dcNDE B\u0130R MESAJ YAYINLAYARAK, HAYATINI KAYBEDEN AYDINLARI ANDI. , HER YIL MADIMAK<br \/>\nDA YA\u015eANAN ACILAR Y\u00dcREKLERDE TEKRAR YA\u015eANIYOR VE ACI H\u0130\u00c7 D\u0130NM\u0130YOR\u201d DED\u0130.<br \/>\nCo\u015fkunf\u0131rat katliam\u0131n \u00f6rtbas edilmeye \u00e7al\u0131\u015f\u0131lmas\u0131n\u0131n, ger\u00e7ek su\u00e7lular\u0131n ve azmettiricilerin<br \/>\nbulunamam\u0131\u015f olmas\u0131n\u0131n olay\u0131n toplum vicdan\u0131nda bir yara olarak kalmas\u0131na sebep oldu\u011funu ifade<br \/>\nederek \u201cBu sebeple, her y\u0131l Mad\u0131mak da ya\u015fanan ac\u0131lar y\u00fcreklerde tekrar ya\u015fan\u0131yor ve ac\u0131 hi\u00e7<br \/>\ndinmiyor\u201d dedi.<br \/>\nCo\u015fkunf\u0131rat Tam 31 y\u0131l \u00f6nce, T\u00fcrkiye ayd\u0131nlans\u0131n, \u00e7a\u011fda\u015f bir \u00fclke haline gelsin, silahlar de\u011fil fikirler<br \/>\nkonu\u015fsun diyen; Kitapla, \u015fiirle, sanatla bar\u0131\u015f ve karde\u015flik isteyen 33 ayd\u0131n\u0131m\u0131z Sivas Mad\u0131mak da<br \/>\nkatledildi. \u00dczerinden 31 y\u0131l ge\u00e7mi\u015f olsa da bu ac\u0131 yakmaya devam ediyor.<br \/>\nMad\u0131mak da yak\u0131lanlar, onurlu ve d\u00fc\u015f\u00fcncelerini korkmadan hayk\u0131ran ayd\u0131nlar olmalar\u0131n\u0131n bedelini<br \/>\ncanlar\u0131yla \u00f6demi\u015flerdir. O g\u00fcn bu katliam\u0131n ger\u00e7ekle\u015ftirilmesi i\u00e7in emir verenlerin, halk\u0131 galeyana<br \/>\ngetirenlerin sahip oldu\u011fu zihniyetin, bug\u00fcn de zaman zaman hortlat\u0131lmak istenmesine \u00fcz\u00fclerek \u015fahit<br \/>\noluyoruz.<br \/>\nCo\u015fkunf\u0131rat Bu anlamda Gerek Sivas Mad\u0131makta Gerkek31 YIL \u00d6NCE YA\u015eANAN BA\u015eBA\u011eLAR<br \/>\nK\u00d6Y\u00dc\u2019NDE KATL\u0130AMIN ACISI H\u00c2L\u00c2 TAZE Bir kez daha yitirilen canlar\u0131 rahmetle an\u0131yorum<\/p>\n","protected":false},"excerpt":{"rendered":"<p>AKDEN\u0130Z BASIN B\u0130RL\u0130\u011e\u0130 BA\u015eKANI HAYDA RCO\u015eKUNFIRAT S\u0130VAS MADIMAK KATL\u0130AMININ 31. YIL D\u00d6N\u00dcM\u00dcNDE B\u0130R MESAJ YAYINLAYARAK, HAYATINI KAYBEDEN AYDINLARI ANDI. , HER YIL MADIMAK DA YA\u015eANAN ACILAR Y\u00dcREKLERDE TEKRAR YA\u015eANIYOR VE ACI H\u0130\u00c7 D\u0130NM\u0130YOR\u201d DED\u0130. Co\u015fkunf\u0131rat katliam\u0131n \u00f6rtbas edilmeye \u00e7al\u0131\u015f\u0131lmas\u0131n\u0131n, ger\u00e7ek su\u00e7lular\u0131n ve azmettiricilerin bulunamam\u0131\u015f olmas\u0131n\u0131n olay\u0131n toplum vicdan\u0131nda bir yara olarak kalmas\u0131na sebep oldu\u011funu ifade [&hellip;]<\/p>\n","protected":false},"author":1,"featured_media":2841,"comment_status":"open","ping_status":"open","sticky":false,"template":"","format":"standard","meta":{"footnotes":""},"categories":[7,9,259],"tags":[],"class_list":["post-2840","post","type-post","status-publish","format-standard","has-post-thumbnail","hentry","category-gundem","category-manset","category-mersin"],"_links":{"self":[{"href":"https:\/\/mersinmuhbir.com\/index.php\/wp-json\/wp\/v2\/posts\/2840","targetHints":{"allow":["GET"]}}],"collection":[{"href":"https:\/\/mersinmuhbir.com\/index.php\/wp-json\/wp\/v2\/posts"}],"about":[{"href":"https:\/\/mersinmuhbir.com\/index.php\/wp-json\/wp\/v2\/types\/post"}],"author":[{"embeddable":true,"href":"https:\/\/mersinmuhbir.com\/index.php\/wp-json\/wp\/v2\/users\/1"}],"replies":[{"embeddable":true,"href":"https:\/\/mersinmuhbir.com\/index.php\/wp-json\/wp\/v2\/comments?post=2840"}],"version-history":[{"count":0,"href":"https:\/\/mersinmuhbir.com\/index.php\/wp-json\/wp\/v2\/posts\/2840\/revisions"}],"wp:featuredmedia":[{"embeddable":true,"href":"https:\/\/mersinmuhbir.com\/index.php\/wp-json\/wp\/v2\/media\/2841"}],"wp:attachment":[{"href":"https:\/\/mersinmuhbir.com\/index.php\/wp-json\/wp\/v2\/media?parent=2840"}],"wp:term":[{"taxonomy":"category","embeddable":true,"href":"https:\/\/mersinmuhbir.com\/index.php\/wp-json\/wp\/v2\/categories?post=2840"},{"taxonomy":"post_tag","embeddable":true,"href":"https:\/\/mersinmuhbir.com\/index.php\/wp-json\/wp\/v2\/tags?post=2840"}],"curies":[{"name":"wp","href":"https:\/\/api.w.org\/{rel}","templated":true}]}}