{"id":2806,"date":"2024-06-20T10:51:47","date_gmt":"2024-06-20T07:51:47","guid":{"rendered":"https:\/\/www.mersinmuhbir.com\/?p=2806"},"modified":"2024-06-20T10:51:47","modified_gmt":"2024-06-20T07:51:47","slug":"toroslarda-bu-bayram-bir-baska-guzel","status":"publish","type":"post","link":"https:\/\/mersinmuhbir.com\/index.php\/2024\/06\/20\/toroslarda-bu-bayram-bir-baska-guzel\/","title":{"rendered":"TOROSLAR\u2019DA BU BAYRAM B\u0130R BA\u015eKA G\u00dcZEL!"},"content":{"rendered":"<p>Alada\u011f, Yenik\u00f6y, Bekiralan\u0131, So\u011fucak, Ayvagedi\u011fi ve G\u00f6zne Mahalleleri\u2019ni, Mersin B\u00fcy\u00fck\u015fehir<br \/>\nBelediye Ba\u015fkan\u0131 Vahap Se\u00e7er ve Mersin Milletvekili G\u00fclcan K\u0131\u015f ile birlikte ziyaret eden Ba\u015fkan<br \/>\nY\u0131ld\u0131z: \u201cBayram\u0131n, bar\u0131\u015fa, huzura, karde\u015fli\u011fe, dostlu\u011fa ve sa\u011fl\u0131\u011fa vesile olmas\u0131n\u0131 diliyorum\u201d dedi.<br \/>\n\u0130l\u00e7e n\u00fcfusunun yan\u0131 s\u0131ra \u00e7ok say\u0131da yaylac\u0131ya ev sahipli\u011fi yapan bu mahallelerde vatanda\u015flarla<br \/>\nsohbet edip taleplerini dinleyen Ba\u015fkan Y\u0131ld\u0131z, do\u011fru zamanda, do\u011fru i\u015fler yaparak e\u015fsiz<br \/>\ng\u00fczelliklere sahip Toroslar\u2019\u0131 hep birlikte kalk\u0131nd\u0131racaklar\u0131n\u0131n s\u00f6z\u00fcn\u00fc verdi.<br \/>\nKahvehanedeki vatanda\u015flarla selamla\u015f\u0131p, esnaf ziyaretinin de yap\u0131ld\u0131\u011f\u0131 yayla programlar\u0131 yo\u011fun<br \/>\nilgiyle ger\u00e7ekle\u015fti. Mahalle muhtarlar\u0131n\u0131n da e\u015flik etti\u011fi programlarda vatanda\u015flar, Ba\u015fkan Y\u0131ld\u0131z\u2019a<br \/>\nve Ba\u015fkan Se\u00e7er\u2019e ziyaretlerinden dolay\u0131 te\u015fekk\u00fcr ederek, memnuniyetlerini dile getirdi.<br \/>\nBA\u015eKAN YILDIZ: \u201cTOROSLAR\u2019I YA\u015eANAB\u0130L\u0130R B\u0130R KENT YAPMAK \u0130\u00c7\u0130N<br \/>\nHEP B\u0130RL\u0130KTE \u00c7ALI\u015eACA\u011eIZ\u201d<br \/>\nMahallelerde vatanda\u015flara hitap eden Ba\u015fkan Y\u0131ld\u0131z, Toroslar\u2019\u0131n art\u0131k daha konforlu daha<br \/>\nya\u015fanabilir bir kent haline gelece\u011fine vurgu yaparak: \u201cToroslar, 30 y\u0131l ihmal edilmi\u015f. Sadece son<br \/>\nbe\u015f y\u0131ll\u0131k d\u00f6nemde, 2019\u2019dan sonra B\u00fcy\u00fck\u015fehir Belediyesi\u2019nin yat\u0131r\u0131mlar\u0131 oldu. Ama art\u0131k 1 Nisan<br \/>\nitibariyle Toroslar\u2019da yeni bir zaman i\u015flemeye ba\u015flad\u0131. Hizmetler daha h\u0131zl\u0131, daha kaliteli ve daha<br \/>\nverimli gelmeye ba\u015flad\u0131 ve gelecek de. \u0130l\u00e7emizdeki asfaltlar\u0131n ve k\u0131rsal mahallelerimizdeki bah\u00e7e<br \/>\nyollar\u0131n\u0131n tamamlanmas\u0131 konusunda B\u00fcy\u00fck\u015fehir Belediye Ba\u015fkan\u0131m\u0131z Say\u0131n Vahap Se\u00e7er, \u00e7ok<br \/>\nyard\u0131mc\u0131 oldu. Neredeyse Filistin sokaklar\u0131na benzeyen Toroslar\u2019\u0131n sokaklar\u0131n\u0131 ve parklar\u0131 tamir<br \/>\netmeye ba\u015flad\u0131k\u201d dedi.<br \/>\nB\u00fcy\u00fck\u015fehir Belediye Ba\u015fkan\u0131 Vahap Se\u00e7er\u2019in bug\u00fcne kadar Toroslar\u2019\u0131n k\u00f6ylerinde ve k\u0131rsal<br \/>\nmahallelerinde hizmet yapmak i\u00e7in \u00e7aba sarf etti\u011fini ancak \u00f6nceki y\u00f6netimin uyum i\u00e7inde \u00e7al\u0131\u015fmay\u0131<br \/>\nreddetti\u011fini kaydeden Ba\u015fkan Y\u0131ld\u0131z: \u201cBundan sonra ba\u015fta Toroslar olmak \u00fczere Mersin B\u00fcy\u00fck\u015fehir<br \/>\nBelediyesi\u2019ne ba\u011fl\u0131 b\u00fct\u00fcn il\u00e7elerde uyum i\u00e7erisinde ciddi \u00e7al\u0131\u015fmalar yap\u0131lacak. Ba\u015fkan\u0131m\u0131z \u00e7ok<br \/>\nciddi destekler veriyor bize. \u00d6zellikle bah\u00e7e yollar\u0131n\u0131n hasada yeti\u015fmesi i\u00e7in \u00e7al\u0131\u015fmalar\u0131m\u0131za katk\u0131da<\/p>\n","protected":false},"excerpt":{"rendered":"<p>Alada\u011f, Yenik\u00f6y, Bekiralan\u0131, So\u011fucak, Ayvagedi\u011fi ve G\u00f6zne Mahalleleri\u2019ni, Mersin B\u00fcy\u00fck\u015fehir Belediye Ba\u015fkan\u0131 Vahap Se\u00e7er ve Mersin Milletvekili G\u00fclcan K\u0131\u015f ile birlikte ziyaret eden Ba\u015fkan Y\u0131ld\u0131z: \u201cBayram\u0131n, bar\u0131\u015fa, huzura, karde\u015fli\u011fe, dostlu\u011fa ve sa\u011fl\u0131\u011fa vesile olmas\u0131n\u0131 diliyorum\u201d dedi. \u0130l\u00e7e n\u00fcfusunun yan\u0131 s\u0131ra \u00e7ok say\u0131da yaylac\u0131ya ev sahipli\u011fi yapan bu mahallelerde vatanda\u015flarla sohbet edip taleplerini dinleyen Ba\u015fkan Y\u0131ld\u0131z, [&hellip;]<\/p>\n","protected":false},"author":1,"featured_media":2807,"comment_status":"open","ping_status":"open","sticky":false,"template":"","format":"standard","meta":{"footnotes":""},"categories":[7,9,259],"tags":[],"class_list":["post-2806","post","type-post","status-publish","format-standard","has-post-thumbnail","hentry","category-gundem","category-manset","category-mersin"],"_links":{"self":[{"href":"https:\/\/mersinmuhbir.com\/index.php\/wp-json\/wp\/v2\/posts\/2806","targetHints":{"allow":["GET"]}}],"collection":[{"href":"https:\/\/mersinmuhbir.com\/index.php\/wp-json\/wp\/v2\/posts"}],"about":[{"href":"https:\/\/mersinmuhbir.com\/index.php\/wp-json\/wp\/v2\/types\/post"}],"author":[{"embeddable":true,"href":"https:\/\/mersinmuhbir.com\/index.php\/wp-json\/wp\/v2\/users\/1"}],"replies":[{"embeddable":true,"href":"https:\/\/mersinmuhbir.com\/index.php\/wp-json\/wp\/v2\/comments?post=2806"}],"version-history":[{"count":0,"href":"https:\/\/mersinmuhbir.com\/index.php\/wp-json\/wp\/v2\/posts\/2806\/revisions"}],"wp:featuredmedia":[{"embeddable":true,"href":"https:\/\/mersinmuhbir.com\/index.php\/wp-json\/wp\/v2\/media\/2807"}],"wp:attachment":[{"href":"https:\/\/mersinmuhbir.com\/index.php\/wp-json\/wp\/v2\/media?parent=2806"}],"wp:term":[{"taxonomy":"category","embeddable":true,"href":"https:\/\/mersinmuhbir.com\/index.php\/wp-json\/wp\/v2\/categories?post=2806"},{"taxonomy":"post_tag","embeddable":true,"href":"https:\/\/mersinmuhbir.com\/index.php\/wp-json\/wp\/v2\/tags?post=2806"}],"curies":[{"name":"wp","href":"https:\/\/api.w.org\/{rel}","templated":true}]}}