{"id":2769,"date":"2024-06-10T09:29:15","date_gmt":"2024-06-10T06:29:15","guid":{"rendered":"https:\/\/www.mersinmuhbir.com\/?p=2769"},"modified":"2024-06-10T09:29:15","modified_gmt":"2024-06-10T06:29:15","slug":"cukurova-sifed-yonetim-kurulu-baskani-berman-manti-bolgesel-kalkinma-icin-yeni-hamleler-gerektigini-vurguladi","status":"publish","type":"post","link":"https:\/\/mersinmuhbir.com\/index.php\/2024\/06\/10\/cukurova-sifed-yonetim-kurulu-baskani-berman-manti-bolgesel-kalkinma-icin-yeni-hamleler-gerektigini-vurguladi\/","title":{"rendered":"\u00c7UKUROVA S\u0130FED Y\u00f6netim Kurulu Ba\u015fkan\u0131 Berman Mant\u0131, b\u00f6lgesel kalk\u0131nma i\u00e7in yeni hamleler gerekti\u011fini vurgulad\u0131"},"content":{"rendered":"<p>\u00c7ukurova Sanayi ve \u0130\u015f D\u00fcnyas\u0131 Federasyonu (\u00c7UKUROVA S\u0130FED) b\u00f6lgesel kalk\u0131nma i\u00e7in kollar\u0131<br \/>\ns\u0131vad\u0131. \u00c7UKUROVA S\u0130FED, bu kapsamda yeni projeler geli\u015ftirdi.<br \/>\n\u00c7UKUROVA S\u0130FED Y\u00f6netim Kurulu Ba\u015fkan\u0131 Berman Mant\u0131, Adana ve Mersin\u2019in her alanda<br \/>\nyeni at\u0131l\u0131mlar i\u00e7in ciddi u\u011fra\u015f vermesi gerekti\u011fini vurgulad\u0131. Adana\u2019daki y\u00f6netim kurulu<br \/>\ntoplant\u0131s\u0131nda hayata ge\u00e7irmeyi planlad\u0131klar\u0131 projeler geli\u015ftiren federasyonun, kurulu\u015f<br \/>\nama\u00e7lar\u0131 do\u011frultusunda marka \u00e7al\u0131\u015fmalar\u0131na a\u011f\u0131rl\u0131k verece\u011fini belirten Ba\u015fkan Mant\u0131, Adana<br \/>\nve Mersin\u2019in her alanda \u00f6ne \u00e7\u0131kmas\u0131 i\u00e7in m\u00fccadele edeceklerini s\u00f6yledi.<br \/>\n\u201cYEN\u0130 B\u0130R OLU\u015eUM \u015eART\u201d<br \/>\nAdana ve Mersin\u2019in olu\u015fturdu\u011fu \u00c7ukurova B\u00f6lgesi\u2019nin \u00f6zellikle T\u00fcrkiye\u2019nin Ortado\u011fu\u2019ya<br \/>\na\u00e7\u0131lan kap\u0131s\u0131 konumunda olmas\u0131 nedeniyle \u00fclke a\u00e7\u0131s\u0131ndan b\u00fcy\u00fck \u00f6nem ta\u015f\u0131d\u0131\u011f\u0131n\u0131 kaydeden<br \/>\nMant\u0131, lojistik, sanayi, tar\u0131m, ticaret, enerji, hizmet sekt\u00f6r\u00fc, turizm ve daha bir \u00e7ok alanda<br \/>\ngeni\u015f potansiyeli olan \u00c7ukurova\u2019n\u0131n ayn\u0131 zamanda bir liman b\u00f6lgesi oldu\u011funu vurgulad\u0131.<br \/>\nYat\u0131r\u0131mda t\u0131kanan Marmara B\u00f6lgesi\u2019nin alternatifi olan Adana ve Mersin\u2019in, 1990\u2019l\u0131 y\u0131llarda<br \/>\nekonomik ve sosyal a\u00e7\u0131dan T\u00fcrkiye\u2019nin ilk 5 ili aras\u0131nda yer ald\u0131\u011f\u0131 d\u00fc\u015f\u00fcn\u00fcld\u00fc\u011f\u00fcnde yeni bir<br \/>\nolu\u015fum gerekti\u011finin a\u00e7\u0131k\u00e7a ortaya \u00e7\u0131kt\u0131\u011f\u0131n\u0131 belirten Ba\u015fkan Mant\u0131, \u201cB\u00f6lgemizin yeni bir ivme<br \/>\nkazanmas\u0131na olan i\u015fareti dikkate alarak hareket ediyoruz. Bu kapsamda y\u00f6netim kurulu<br \/>\n\u00fcyelerimiz aras\u0131nda g\u00f6rev b\u00f6l\u00fcm\u00fc yaparak yeni projeler geli\u015ftirdik. Amac\u0131m\u0131z b\u00f6lgesel ve<br \/>\ntoplumsal kalk\u0131nmaya \u00f6n ayak olmak, b\u00f6lgemizi ulusal ve uluslararas\u0131 arenada ad\u0131ndan s\u00f6z<br \/>\nedilir hale getirmektir\u201d dedi.<br \/>\nOrtak de\u011ferlere sahip iki kentin birlikte kalk\u0131nmas\u0131na olan ihtiyac\u0131n net olarak ortaya \u00e7\u0131kt\u0131\u011f\u0131n\u0131<br \/>\nifade eden Ba\u015fkan Mant\u0131, \u201cAdana ve Mersin ortak bir gelece\u011fi in\u015fa etmek durumundad\u0131r\u201d<br \/>\ndiye konu\u015ftu.<br \/>\n\u00c7UKUROVA S\u0130FED YEN\u0130 PROJELER GEL\u0130\u015eT\u0130RD\u0130<br \/>\nToplant\u0131da uzun s\u00fcre konu\u015fulan ve kamuoyuna a\u00e7\u0131klanan \u00c7UKUROVA S\u0130FED\u2019in hayata<br \/>\nge\u00e7irmeyi planlad\u0131\u011f\u0131 projeler \u015f\u00f6yle:<br \/>\n1. \u015e\u0130RKET; \u015eirketlerin Uyum S\u00fcre\u00e7leri, Networking, \u0130hracat\/E-\u0130hracat, \u00c7ukurova Marka<br \/>\nZirvesi.<br \/>\n2. B\u00d6LGE; B\u00f6lgesel Kalk\u0131nmaya Y\u00f6nelik Stratejik S\u00f6ylem-Eylem Plan\u0131, B\u00f6lgesel K\u00fclt\u00fcrel ve<br \/>\nTuristik De\u011ferlerin Ke\u015ffedilmesine Y\u00f6nelik \u00c7al\u0131\u015fmalar, Tar\u0131ma Y\u00f6nelik \u00c7al\u0131\u015fmalar.<br \/>\n3. KADIN; Kad\u0131n \u0130stihdam\u0131na ve Giri\u015fimcili\u011fine Destek Protokolleri, Kad\u0131n Giri\u015fimcilere<br \/>\nUlusaldan Kad\u0131n Giri\u015fimci Ment\u00f6r Atanmas\u0131, Kad\u0131n Meslek Envanteri.<br \/>\n4. GEN\u00c7L\u0130K; \u00dcniversite Gen\u00e7li\u011fi (\u00dcNGE) Kurulmas\u0131.<br \/>\n5. TH\u0130NK- TANK; \u00c7ukurova Proje \u00c7al\u0131\u015ftay\u0131.<br \/>\n\u00c7UKUROVA S\u0130FED Y\u00f6netim Kurulu Ba\u015fkan\u0131 Berman Mant\u0131, proje \u00e7al\u0131\u015fmalar\u0131 kapsam\u0131nda<br \/>\nmerkezi y\u00f6netimin yan\u0131 s\u0131ra milletvekilleri, Valilikler, belediye ba\u015fkanlar\u0131, sivil toplum<br \/>\nkurulu\u015flar\u0131 ve sekt\u00f6r payda\u015flar\u0131yla s\u00fcrekli bir diyalog halinde olacaklar\u0131n\u0131 s\u00f6zlerine ekledi.<\/p>\n","protected":false},"excerpt":{"rendered":"<p>\u00c7ukurova Sanayi ve \u0130\u015f D\u00fcnyas\u0131 Federasyonu (\u00c7UKUROVA S\u0130FED) b\u00f6lgesel kalk\u0131nma i\u00e7in kollar\u0131 s\u0131vad\u0131. \u00c7UKUROVA S\u0130FED, bu kapsamda yeni projeler geli\u015ftirdi. \u00c7UKUROVA S\u0130FED Y\u00f6netim Kurulu Ba\u015fkan\u0131 Berman Mant\u0131, Adana ve Mersin\u2019in her alanda yeni at\u0131l\u0131mlar i\u00e7in ciddi u\u011fra\u015f vermesi gerekti\u011fini vurgulad\u0131. Adana\u2019daki y\u00f6netim kurulu toplant\u0131s\u0131nda hayata ge\u00e7irmeyi planlad\u0131klar\u0131 projeler geli\u015ftiren federasyonun, kurulu\u015f ama\u00e7lar\u0131 do\u011frultusunda marka \u00e7al\u0131\u015fmalar\u0131na [&hellip;]<\/p>\n","protected":false},"author":1,"featured_media":2770,"comment_status":"open","ping_status":"open","sticky":false,"template":"","format":"standard","meta":{"footnotes":""},"categories":[7,9,259],"tags":[],"class_list":["post-2769","post","type-post","status-publish","format-standard","has-post-thumbnail","hentry","category-gundem","category-manset","category-mersin"],"_links":{"self":[{"href":"https:\/\/mersinmuhbir.com\/index.php\/wp-json\/wp\/v2\/posts\/2769","targetHints":{"allow":["GET"]}}],"collection":[{"href":"https:\/\/mersinmuhbir.com\/index.php\/wp-json\/wp\/v2\/posts"}],"about":[{"href":"https:\/\/mersinmuhbir.com\/index.php\/wp-json\/wp\/v2\/types\/post"}],"author":[{"embeddable":true,"href":"https:\/\/mersinmuhbir.com\/index.php\/wp-json\/wp\/v2\/users\/1"}],"replies":[{"embeddable":true,"href":"https:\/\/mersinmuhbir.com\/index.php\/wp-json\/wp\/v2\/comments?post=2769"}],"version-history":[{"count":0,"href":"https:\/\/mersinmuhbir.com\/index.php\/wp-json\/wp\/v2\/posts\/2769\/revisions"}],"wp:featuredmedia":[{"embeddable":true,"href":"https:\/\/mersinmuhbir.com\/index.php\/wp-json\/wp\/v2\/media\/2770"}],"wp:attachment":[{"href":"https:\/\/mersinmuhbir.com\/index.php\/wp-json\/wp\/v2\/media?parent=2769"}],"wp:term":[{"taxonomy":"category","embeddable":true,"href":"https:\/\/mersinmuhbir.com\/index.php\/wp-json\/wp\/v2\/categories?post=2769"},{"taxonomy":"post_tag","embeddable":true,"href":"https:\/\/mersinmuhbir.com\/index.php\/wp-json\/wp\/v2\/tags?post=2769"}],"curies":[{"name":"wp","href":"https:\/\/api.w.org\/{rel}","templated":true}]}}