{"id":2662,"date":"2024-05-31T10:27:42","date_gmt":"2024-05-31T07:27:42","guid":{"rendered":"https:\/\/www.mersinmuhbir.com\/?p=2662"},"modified":"2024-05-31T10:27:42","modified_gmt":"2024-05-31T07:27:42","slug":"baskan-secer-ford-trucks-bayi-acilisina-katildi-100-nakliyeci-esnafina","status":"publish","type":"post","link":"https:\/\/mersinmuhbir.com\/index.php\/2024\/05\/31\/baskan-secer-ford-trucks-bayi-acilisina-katildi-100-nakliyeci-esnafina\/","title":{"rendered":"BA\u015eKAN SE\u00c7ER, FORD TRUCKS BAY\u0130 A\u00c7ILI\u015eI\u2019NA KATILDI \u201c100 NAKL\u0130YEC\u0130 ESNAFINA"},"content":{"rendered":"<p>Mersin B\u00fcy\u00fck\u015fehir Belediye Ba\u015fkan\u0131 Vahap Se\u00e7er, Ford Trucks Bayi A\u00e7\u0131l\u0131\u015f\u0131\u2019na kat\u0131ld\u0131.<br \/>\nMersin\u2019in \u0130stanbul\u2019dan sonra T\u00fcrkiye\u2019nin en b\u00fcy\u00fck ta\u015f\u0131mac\u0131l\u0131k filosunun oldu\u011fu b\u00f6lge konumunda<br \/>\noldu\u011funu ancak buna kar\u015f\u0131n Mersin\u2019e gerekli yat\u0131r\u0131mlar\u0131n yap\u0131lmad\u0131\u011f\u0131n\u0131 s\u00f6yleyen Se\u00e7er,<br \/>\n\u201cT\u00fcrkiye\u2019nin ikinci b\u00fcy\u00fck ta\u015f\u0131mac\u0131l\u0131k filosuna sahip bir kentte lojistik k\u00f6y\u00fcn olmamas\u0131 ba\u015fl\u0131<br \/>\nba\u015f\u0131na d\u00fc\u015f\u00fcnd\u00fcr\u00fcc\u00fcd\u00fcr ve Mersin i\u00e7in \u00e7ok olumsuz bir durumdur. Bu sorunu g\u00f6rd\u00fckten sonra<br \/>\ns\u00fcratle imk\u00e2nlar\u0131m\u0131z d\u00e2hilinde Huzurkent civar\u0131nda 80 bin metrekare alan \u00fczerinde, 100<br \/>\nnakliyeci esnaf\u0131na hizmet edecek bir nakliyeciler sitesi in\u015fa ettik\u201d dedi.<br \/>\nMersin\u2019in s\u00fcratle geli\u015fti\u011fini vurgulayan Se\u00e7er, ula\u015f\u0131m\u0131n kolay oldu\u011fu yerde ticaretin de sanayinin de<br \/>\nturizmin de tar\u0131m\u0131n da geli\u015fece\u011fine i\u015faret etti. Mersin Liman\u0131\u2019n\u0131n geni\u015fleme \u00e7al\u0131\u015fmalar\u0131 ve Silifke<br \/>\nTa\u015fucu\u2019ndaki SEKA Liman\u0131\u2019n\u0131n \u00f6zelle\u015ftirilmi\u015f olmas\u0131n\u0131n b\u00f6lgede karayolu ta\u015f\u0131mac\u0131l\u0131\u011f\u0131nda yeni<br \/>\nkoridorlar\u0131 a\u00e7ma ihtiyac\u0131n\u0131 ortaya koyaca\u011f\u0131n\u0131 kaydeden Se\u00e7er, bir an \u00f6nce \u00c7e\u015fmeli-Ta\u015fucu otoyolunun<br \/>\nyap\u0131lmas\u0131 gerekti\u011fi \u00e7a\u011fr\u0131s\u0131nda bulundu.<br \/>\nMersin\u2019in sorunlar\u0131 i\u00e7in kentin t\u00fcm bile\u015fenlerinin ortak bir noktada bulu\u015fmas\u0131 gerekti\u011finin alt\u0131n\u0131 \u00e7izen<br \/>\nSe\u00e7er, i\u015f insanlar\u0131 ve ba\u011fl\u0131 bulunduklar\u0131 STK\u2019lara seslenerek, \u201cSiyasilerle beraber merkezi<br \/>\nh\u00fck\u00fcmetin yat\u0131r\u0131mlar\u0131n\u0131 buraya \u00e7ekmek, buran\u0131n sorunlar\u0131n\u0131 \u00e7\u00f6zmek i\u00e7in i\u015f birli\u011fi yapma<br \/>\nzorunlulu\u011fumuz var. Yerel y\u00f6netimler olarak biz buna haz\u0131r\u0131z\u201d dedi.<br \/>\nMersin B\u00fcy\u00fck\u015fehir Belediye Ba\u015fkan\u0131 Vahap Se\u00e7er, Ford Trucks Bayi A\u00e7\u0131l\u0131\u015f\u0131\u2019na kat\u0131ld\u0131.<br \/>\nAkdeniz il\u00e7esinde ger\u00e7ekle\u015ftirilen a\u00e7\u0131l\u0131\u015f ve lansmana; Mersin B\u00fcy\u00fck\u015fehir Belediye Ba\u015fkan\u0131 Vahap<br \/>\nSe\u00e7er, Yeni\u015fehir Belediye Ba\u015fkan\u0131 Abdullah \u00d6zyi\u011fit, Ford Genel M\u00fcd\u00fcr\u00fc G\u00fcven \u00d6zyurt, Mersin<br \/>\nSanayici \u0130\u015f \u0130nsanlar\u0131 Derne\u011fi (MES\u0130AD) Ba\u015fkan\u0131 Adnan G\u00fcndo\u011fdu, Mersin Yap\u0131 M\u00fcteahhitleri<br \/>\nDerne\u011fi Ba\u015fkan\u0131 (MERYAP) Nesim Ekinci, STK temsilcileri ile i\u015f insanlar\u0131 kat\u0131ld\u0131.<br \/>\n\u201c100 nakliyeci esnaf\u0131na hizmet edecek bir nakliyeciler sitesi in\u015fa ettik\u201d<br \/>\nProgramda konu\u015fan Ba\u015fkan Se\u00e7er, bayinin Mersin\u2019e hay\u0131rl\u0131 ve u\u011furlu olmas\u0131 dile\u011finde bulundu.<br \/>\nMersin\u2019in \u0130stanbul\u2019dan sonra T\u00fcrkiye\u2019nin en b\u00fcy\u00fck ta\u015f\u0131mac\u0131l\u0131k filosunun oldu\u011fu bir b\u00f6lge konumunda<br \/>\noldu\u011funu ancak buna kar\u015f\u0131n Mersin\u2019e gerekli yat\u0131r\u0131mlar\u0131n yap\u0131lmad\u0131\u011f\u0131n\u0131 s\u00f6yleyen Se\u00e7er,<br \/>\n\u201cT\u00fcrkiye\u2019nin ikinci b\u00fcy\u00fck ta\u015f\u0131mac\u0131l\u0131k filosuna sahip bir kentte lojistik k\u00f6y\u00fcn olmamas\u0131 ba\u015fl\u0131<br \/>\nba\u015f\u0131na d\u00fc\u015f\u00fcnd\u00fcr\u00fcc\u00fcd\u00fcr ve Mersin i\u00e7in \u00e7ok olumsuz bir durumdur. Bu sorunu g\u00f6rd\u00fckten sonra<br \/>\ns\u00fcratle imk\u00e2nlar\u0131m\u0131z d\u00e2hilinde Huzurkent civar\u0131nda 80 bin metrekare alan \u00fczerinde, 100<br \/>\nnakliyeci esnaf\u0131na hizmet edecek, 200 t\u0131rl\u0131k parktan olu\u015fan, sosyal tesisleri olan belediyemize ait<br \/>\nbir nakliyeciler sitesi in\u015fa ettik. Yak\u0131n tarihte bitecek ve hep beraber a\u00e7\u0131l\u0131\u015f\u0131n\u0131 ger\u00e7ekle\u015ftirece\u011fiz\u201d<br \/>\ndedi.<br \/>\nB\u00fcy\u00fck\u015fehir\u2019in kente kazand\u0131rd\u0131\u011f\u0131 Nakliyeciler Sitesi\u2019nin tek ba\u015f\u0131na yeterli gelemeyece\u011fini de belirten<br \/>\nSe\u00e7er, \u201cBu sorunun bilincinde olan bir ba\u015fkan olarak Uluslararas\u0131 Nakliyeciler Derne\u011fi\u2019ne,<br \/>\nlojistik sekt\u00f6r\u00fc i\u00e7erisinde olan t\u00fcm akt\u00f6rlere sesleniyorum; bir ba\u015f\u0131na bir kurumun alt\u0131ndan<br \/>\nkalkabilece\u011fi bir yat\u0131r\u0131m de\u011fil. Mersin\u2019in y\u0131llar \u00f6nce \u00e7\u00f6zmesi gereken bu \u00f6nemli sorunu<br \/>\n\u00e7\u00f6zmemiz laz\u0131m. G\u00fcn ge\u00e7tik\u00e7e bu sorun \u00e7\u00f6z\u00fclemez bir d\u00fc\u011f\u00fcm haline gelebilir\u201d diye konu\u015ftu.<br \/>\n\u201cUla\u015f\u0131m\u0131n kolay oldu\u011fu yerde b\u00fct\u00fcn sekt\u00f6rler geli\u015fir\u201d<\/p>\n<p>Mersin\u2019in s\u00fcratle geli\u015fti\u011fini vurgulayan Se\u00e7er, uluslararas\u0131 havaalan\u0131n\u0131n kentin ticaretinin de\u011ferine<br \/>\nde\u011fer kataca\u011f\u0131n\u0131 s\u00f6yleyerek, ula\u015f\u0131m\u0131n kolay oldu\u011fu yerde ticaretin de sanayinin de turizmin de<br \/>\ntar\u0131m\u0131n da geli\u015fece\u011fine i\u015faret etti. Se\u00e7er, \u201cB\u00fct\u00fcn sekt\u00f6rlerin geli\u015fti\u011fi yerde lojistik de geli\u015fir.<br \/>\n\u00dcr\u00fcnleri bir yerlere ta\u015f\u0131mak istiyorsan\u0131z bunu karayolu, demiryoluyla deniz yoluyla<br \/>\nyapacaks\u0131n\u0131z. Do\u011fal olarak karayolu ta\u015f\u0131mac\u0131l\u0131\u011f\u0131 da bu b\u00f6lgede her ge\u00e7en g\u00fcn katlanarak devam<br \/>\nedecek\u201d dedi.<br \/>\nMersin Liman\u0131\u2019n\u0131n geni\u015fleme \u00e7al\u0131\u015fmalar\u0131 ve Silifke Ta\u015fucu\u2019ndaki SEKA Liman\u0131\u2019n\u0131n \u00f6zelle\u015ftirilmi\u015f<br \/>\nolmas\u0131n\u0131n b\u00f6lgede karayolu ta\u015f\u0131mac\u0131l\u0131\u011f\u0131nda yeni koridorlar\u0131 a\u00e7ma ihtiyac\u0131n\u0131 ortaya koyaca\u011f\u0131n\u0131<br \/>\nkaydeden Se\u00e7er, \u201cHer zaman s\u00f6yl\u00fcyorum, bunu siyaseten s\u00f6ylemiyorum, bunu Mersin ad\u0131na<br \/>\ns\u00f6yl\u00fcyorum; diyorum ki; \u00e7ok k\u0131sa s\u00fcrede merkezi h\u00fck\u00fcmet \u00c7e\u015fmeli-Ta\u015fucu otoyolunu yapmal\u0131.<br \/>\nLiman\u0131 faaliyete ge\u00e7iriyorsan\u0131z bunun altyap\u0131s\u0131n\u0131 yapmak zorundas\u0131n\u0131z. Ya da Sertavul<br \/>\n\u00fczerinden Mut \u00fczerinden Orta Anadolu\u2019ya, Konya\u2019ya, Karaman\u2019a ba\u011flant\u0131y\u0131 ger\u00e7ekle\u015ftirmeniz<br \/>\nlaz\u0131m. Yol geni\u015fleme \u00e7al\u0131\u015fmalar\u0131n\u0131n bir an \u00f6nce ger\u00e7ekle\u015fmesi laz\u0131m\u201d ifadelerine yer verdi.<br \/>\nSe\u00e7er\u2019den i\u015f insanlar\u0131na i\u015f birli\u011fi \u00e7a\u011fr\u0131s\u0131<br \/>\nMersin\u2019in sorunlar\u0131 i\u00e7in kentin t\u00fcm bile\u015fenlerinin ortak bir noktada bulu\u015fmas\u0131 gerekti\u011finin alt\u0131n\u0131 \u00e7izen<br \/>\nSe\u00e7er, i\u015f insanlar\u0131 ve ba\u011fl\u0131 bulunduklar\u0131 STK\u2019lara seslenerek, \u201cSizler Mersin\u2019de ekonomiye y\u00f6n<br \/>\nveren ki\u015filersiniz ve do\u011fal olarak da siyasete de y\u00f6n verme hakk\u0131na sahipsiniz. B\u00fct\u00fcn geli\u015fmi\u015f<br \/>\ntoplumlarda da bu b\u00f6yledir. STK\u2019lar \u00f6nemlidir, STK\u2019lar bir \u015fehrin kaderini de\u011fi\u015ftirir.<br \/>\nSiyasilerle beraber merkezi h\u00fck\u00fcmetin yat\u0131r\u0131mlar\u0131n\u0131 buraya \u00e7ekmek, buran\u0131n sorunlar\u0131n\u0131<br \/>\n\u00e7\u00f6zmek i\u00e7in i\u015f birli\u011fi yapma zorunlulu\u011fumuz var. Yerel y\u00f6netimler olarak biz buna haz\u0131r\u0131z\u201d<br \/>\ndedi.<br \/>\nProgram, konu\u015fmalar\u0131n ard\u0131ndan a\u00e7\u0131l\u0131\u015f kurdelesinin kesilmesiyle sona erdi.<\/p>\n","protected":false},"excerpt":{"rendered":"<p>Mersin B\u00fcy\u00fck\u015fehir Belediye Ba\u015fkan\u0131 Vahap Se\u00e7er, Ford Trucks Bayi A\u00e7\u0131l\u0131\u015f\u0131\u2019na kat\u0131ld\u0131. Mersin\u2019in \u0130stanbul\u2019dan sonra T\u00fcrkiye\u2019nin en b\u00fcy\u00fck ta\u015f\u0131mac\u0131l\u0131k filosunun oldu\u011fu b\u00f6lge konumunda oldu\u011funu ancak buna kar\u015f\u0131n Mersin\u2019e gerekli yat\u0131r\u0131mlar\u0131n yap\u0131lmad\u0131\u011f\u0131n\u0131 s\u00f6yleyen Se\u00e7er, \u201cT\u00fcrkiye\u2019nin ikinci b\u00fcy\u00fck ta\u015f\u0131mac\u0131l\u0131k filosuna sahip bir kentte lojistik k\u00f6y\u00fcn olmamas\u0131 ba\u015fl\u0131 ba\u015f\u0131na d\u00fc\u015f\u00fcnd\u00fcr\u00fcc\u00fcd\u00fcr ve Mersin i\u00e7in \u00e7ok olumsuz bir durumdur. Bu sorunu [&hellip;]<\/p>\n","protected":false},"author":1,"featured_media":2663,"comment_status":"open","ping_status":"open","sticky":false,"template":"","format":"standard","meta":{"footnotes":""},"categories":[7,9,259],"tags":[],"class_list":["post-2662","post","type-post","status-publish","format-standard","has-post-thumbnail","hentry","category-gundem","category-manset","category-mersin"],"_links":{"self":[{"href":"https:\/\/mersinmuhbir.com\/index.php\/wp-json\/wp\/v2\/posts\/2662","targetHints":{"allow":["GET"]}}],"collection":[{"href":"https:\/\/mersinmuhbir.com\/index.php\/wp-json\/wp\/v2\/posts"}],"about":[{"href":"https:\/\/mersinmuhbir.com\/index.php\/wp-json\/wp\/v2\/types\/post"}],"author":[{"embeddable":true,"href":"https:\/\/mersinmuhbir.com\/index.php\/wp-json\/wp\/v2\/users\/1"}],"replies":[{"embeddable":true,"href":"https:\/\/mersinmuhbir.com\/index.php\/wp-json\/wp\/v2\/comments?post=2662"}],"version-history":[{"count":0,"href":"https:\/\/mersinmuhbir.com\/index.php\/wp-json\/wp\/v2\/posts\/2662\/revisions"}],"wp:featuredmedia":[{"embeddable":true,"href":"https:\/\/mersinmuhbir.com\/index.php\/wp-json\/wp\/v2\/media\/2663"}],"wp:attachment":[{"href":"https:\/\/mersinmuhbir.com\/index.php\/wp-json\/wp\/v2\/media?parent=2662"}],"wp:term":[{"taxonomy":"category","embeddable":true,"href":"https:\/\/mersinmuhbir.com\/index.php\/wp-json\/wp\/v2\/categories?post=2662"},{"taxonomy":"post_tag","embeddable":true,"href":"https:\/\/mersinmuhbir.com\/index.php\/wp-json\/wp\/v2\/tags?post=2662"}],"curies":[{"name":"wp","href":"https:\/\/api.w.org\/{rel}","templated":true}]}}