{"id":2344,"date":"2024-05-10T10:14:47","date_gmt":"2024-05-10T07:14:47","guid":{"rendered":"https:\/\/www.mersinmuhbir.com\/?p=2344"},"modified":"2024-05-10T10:14:47","modified_gmt":"2024-05-10T07:14:47","slug":"buyuksehirin-emekli-evleri-2024-yazina-bahar-senligi-ile-merhaba-dedi","status":"publish","type":"post","link":"https:\/\/mersinmuhbir.com\/index.php\/2024\/05\/10\/buyuksehirin-emekli-evleri-2024-yazina-bahar-senligi-ile-merhaba-dedi\/","title":{"rendered":"B\u00dcY\u00dcK\u015eEH\u0130R\u2019\u0130N EMEKL\u0130 EVLER\u0130 2024 YAZINA \u2018BAHAR \u015eENL\u0130\u011e\u0130\u2019 \u0130LE MERHABA DED\u0130"},"content":{"rendered":"<p>Mersin B\u00fcy\u00fck\u015fehir Belediyesi b\u00fcnyesinde ya\u015f alm\u0131\u015flara hizmet veren Emekli Evleri, 2024 yaz\u0131n\u0131<br \/>\n\u2018Bahar \u015eenli\u011fi\u2019 ile kar\u015f\u0131lad\u0131. Yeni\u015fehir Emekli Evi\u2019nin bah\u00e7esinde verilen konserle yaza \u2018merhaba\u2019<br \/>\ndiyen ya\u015f alm\u0131\u015flar; dans ederek, oyunlar oynayarak e\u011flendi.<br \/>\nMersin B\u00fcy\u00fck\u015fehir Belediyesi Sosyal Hizmetler Dairesi b\u00fcnyesinde hizmet veren Emekli Evleri, 2024<br \/>\nyaz\u0131n\u0131 \u2018Bahar \u015eenli\u011fi\u2019 ile kar\u015f\u0131lad\u0131. Birbirinden farkl\u0131 sosyal ve k\u00fclt\u00fcrel etkinlikler, geziler, turlar ve<br \/>\npiknik programlar\u0131yla ikinci baharlar\u0131n\u0131 B\u00fcy\u00fck\u015fehir sayesinde dolu dolu ya\u015fayan ya\u015f alm\u0131\u015flar, verilen<br \/>\nkonserle yaza \u2018merhaba\u2019 dedi.<br \/>\nYeni\u015fehir Emekli Evi\u2019nin bah\u00e7esinde d\u00fczenlenen etkinli\u011fe Yeni\u015fehir\u2019in yan\u0131 s\u0131ra Mezitli ve Toroslar<br \/>\nHalkkent Emekli Evi \u00fcyeleri de kat\u0131ld\u0131. K\u00fclt\u00fcr ve Sosyal Hizmetler Dairesi Ba\u015fkanl\u0131\u011f\u0131\u2019na ba\u011fl\u0131 T\u00fcrk<br \/>\nSanat M\u00fczi\u011fi Toplulu\u011fu taraf\u0131ndan verilen konserle e\u011flenen ya\u015f alm\u0131\u015flar, oyunlar ve danslarla yaz\u0131<br \/>\nkar\u015f\u0131lad\u0131. Hi\u00e7bir etkinli\u011fi ka\u00e7\u0131rmayan ve olduk\u00e7a yo\u011fun kat\u0131l\u0131m g\u00f6steren emekliler, birbirleriyle<br \/>\nkayna\u015f\u0131rken ayn\u0131 zamanda keyifli vakit ge\u00e7irdi.<br \/>\nD\u00f6nmezler: \u201c\u00dcyelerimizin memnuniyetlerini y\u00fczlerinden anl\u0131yoruz\u201d<br \/>\nMersin B\u00fcy\u00fck\u015fehir Belediyesi Sosyal Hizmetler Dairesi Ba\u015fkanl\u0131\u011f\u0131 Sosyal Hizmetler \u015eube M\u00fcd\u00fcr\u00fc<br \/>\nSuzan D\u00f6nmezler, etkinlik hakk\u0131nda bilgi vererek, \u201cYeni\u015fehir Emekli Evimizde, Mezitli, Yeni\u015fehir<br \/>\nve Toroslar Emekli Evi \u00fcyelerimize Bahar \u015eenli\u011fi kapsam\u0131nda keyifli vakit ge\u00e7irmelerini<br \/>\nsa\u011flamak amac\u0131yla bir etkinli\u011fimiz var. Emekli Evi \u00fcyelerimiz gayet keyifli ve e\u011flenceli vakit<br \/>\nge\u00e7iriyorlar. Gayet memnun olduklar\u0131n\u0131 y\u00fczlerinden anl\u0131yoruz\u201d diye aktard\u0131.<br \/>\nAntmen: \u201cEmekli Evi ger\u00e7ekten \u00e7ok g\u00fczel ve ba\u015far\u0131l\u0131 i\u015fler yap\u0131yor\u201d<br \/>\n\u2018Bahar \u015eenli\u011fi\u2019 kapsam\u0131nda doyas\u0131ya e\u011flenen Yeni\u015fehir Emekli Evi \u00fcyelerinden Nurg\u00fcl Antmen,<br \/>\nyap\u0131lan organizasyon i\u00e7in te\u015fekk\u00fcrlerini ileterek, \u201cYap\u0131lan t\u00fcm etkinlikler birbirinden g\u00fczel.<br \/>\nHepsinden \u00e7ok mutlu oluyoruz. Ortam \u00e7ok g\u00fczel. Farkl\u0131 etkinliklere de gelip kat\u0131ld\u0131\u011f\u0131m oldu.<br \/>\nKolon kanseri ile ilgili bir program vard\u0131. Ona kat\u0131ld\u0131m ve anlat\u0131m g\u00fczeldi, bizim anlayaca\u011f\u0131m\u0131z<br \/>\ndildendi. O etkinlikten de g\u00fczelce faydaland\u0131k. Bize \u00e7ok yararl\u0131 bir etkinlikti. Haftada bir de<br \/>\n\u00c7ar\u015famba g\u00fcnleri burada m\u00fczik var. Zaman zaman da onlar\u0131 izlemeye geliyorum ve o da \u00e7ok<br \/>\ng\u00fczel. Arada da spora kat\u0131l\u0131yorum, o da g\u00fczel. Emekli Evi ger\u00e7ekten \u00e7ok g\u00fczel ve ba\u015far\u0131l\u0131 i\u015fler<br \/>\nyap\u0131yor\u201d dedi.<br \/>\nYelda\u011f: \u201cBahar \u015eenli\u011fi \u00e7ok g\u00fczel ge\u00e7ti\u201d<br \/>\nYeni\u015fehir Emekli Evi \u00fcyelerinden Harika Yelda\u011f ise e\u011flencenin \u00e7ok g\u00fczel oldu\u011funu anlatarak,<br \/>\n\u201cVahap Bey\u2019e \u00e7ok te\u015fekk\u00fcr ediyoruz, \u00e7ok memnunuz ve \u00e7ok g\u00fczel bir e\u011flence. Bahar \u015eenli\u011fi \u00e7ok<br \/>\ng\u00fczel ge\u00e7ti. Her zaman kat\u0131lmak istiyorum ve kat\u0131laca\u011f\u0131m da\u201d diye konu\u015ftu.<br \/>\nYeni\u015fehir Emekli Evi \u00fcyelerinden Emirhan \u00c7etin de Mersin B\u00fcy\u00fck\u015fehir Belediye Ba\u015fkan\u0131 Vahap<br \/>\nSe\u00e7er\u2019e te\u015fekk\u00fcrlerini ileterek, \u201cEmekli Evi\u2019nde \u00e7ok g\u00fczel etkinlikler oluyor. Bahar \u015eenli\u011fi \u00e7ok<br \/>\ng\u00fczel ge\u00e7ti. Daha \u00f6nce de kat\u0131ld\u0131m, bu daha da iyi ve g\u00fczel oldu. Daha co\u015fkulu ve kalabal\u0131kt\u0131\u201d<br \/>\nifadelerini kulland\u0131.<br \/>\nEmekliler \u2018Bahar \u015eenli\u011fi\u2019nde g\u00f6n\u00fcllerince e\u011flendi<br \/>\nYeni\u015fehir Emekli Evi \u00fcyelerinden Nihat \u0130brahimo\u011flu de y\u0131llard\u0131r Emekli Evi\u2019nin \u00fcyesi oldu\u011fundan<br \/>\nbahsederek, emekli Evi\u2019nde s\u0131k s\u0131k etkinliklerini d\u00fczenlendi\u011fini ifade etti. \u0130brahimo\u011flu, \u201cEmekli<br \/>\noldu\u011fumuz i\u00e7in bize de de\u011fi\u015fiklik oluyor. Bu t\u00fcr organizasyonlara s\u00fcrekli kat\u0131l\u0131yorum. Zaten<br \/>\nevim de yak\u0131n. Bu sayede arkada\u015flar\u0131m\u0131zla hep beraber oluyoruz\u201d dedi.<\/p>\n<p>Yeni\u015fehir Emekli Evi \u00fcyelerinden Emekli \u00d6\u011fretmen Hayriye \u00d6rkil ise etkinlik dolay\u0131s\u0131yla<br \/>\nte\u015fekk\u00fcrlerini ileterek, \u201cGer\u00e7ekten \u00e7ok g\u00fczel bir ortam var. Kendimizi burada \u00e7ok iyi<br \/>\nhissediyoruz. Etkniliklerin devam\u0131n\u0131 da diliyoruz. Her zaman b\u00f6yle ortamlarda hep bir arada<br \/>\nolmak dile\u011fiyle\u201d diye belirtti.<\/p>\n","protected":false},"excerpt":{"rendered":"<p>Mersin B\u00fcy\u00fck\u015fehir Belediyesi b\u00fcnyesinde ya\u015f alm\u0131\u015flara hizmet veren Emekli Evleri, 2024 yaz\u0131n\u0131 \u2018Bahar \u015eenli\u011fi\u2019 ile kar\u015f\u0131lad\u0131. Yeni\u015fehir Emekli Evi\u2019nin bah\u00e7esinde verilen konserle yaza \u2018merhaba\u2019 diyen ya\u015f alm\u0131\u015flar; dans ederek, oyunlar oynayarak e\u011flendi. Mersin B\u00fcy\u00fck\u015fehir Belediyesi Sosyal Hizmetler Dairesi b\u00fcnyesinde hizmet veren Emekli Evleri, 2024 yaz\u0131n\u0131 \u2018Bahar \u015eenli\u011fi\u2019 ile kar\u015f\u0131lad\u0131. Birbirinden farkl\u0131 sosyal ve k\u00fclt\u00fcrel etkinlikler, [&hellip;]<\/p>\n","protected":false},"author":1,"featured_media":2345,"comment_status":"open","ping_status":"open","sticky":false,"template":"","format":"standard","meta":{"footnotes":""},"categories":[7,9,259],"tags":[],"class_list":["post-2344","post","type-post","status-publish","format-standard","has-post-thumbnail","hentry","category-gundem","category-manset","category-mersin"],"_links":{"self":[{"href":"https:\/\/mersinmuhbir.com\/index.php\/wp-json\/wp\/v2\/posts\/2344","targetHints":{"allow":["GET"]}}],"collection":[{"href":"https:\/\/mersinmuhbir.com\/index.php\/wp-json\/wp\/v2\/posts"}],"about":[{"href":"https:\/\/mersinmuhbir.com\/index.php\/wp-json\/wp\/v2\/types\/post"}],"author":[{"embeddable":true,"href":"https:\/\/mersinmuhbir.com\/index.php\/wp-json\/wp\/v2\/users\/1"}],"replies":[{"embeddable":true,"href":"https:\/\/mersinmuhbir.com\/index.php\/wp-json\/wp\/v2\/comments?post=2344"}],"version-history":[{"count":0,"href":"https:\/\/mersinmuhbir.com\/index.php\/wp-json\/wp\/v2\/posts\/2344\/revisions"}],"wp:featuredmedia":[{"embeddable":true,"href":"https:\/\/mersinmuhbir.com\/index.php\/wp-json\/wp\/v2\/media\/2345"}],"wp:attachment":[{"href":"https:\/\/mersinmuhbir.com\/index.php\/wp-json\/wp\/v2\/media?parent=2344"}],"wp:term":[{"taxonomy":"category","embeddable":true,"href":"https:\/\/mersinmuhbir.com\/index.php\/wp-json\/wp\/v2\/categories?post=2344"},{"taxonomy":"post_tag","embeddable":true,"href":"https:\/\/mersinmuhbir.com\/index.php\/wp-json\/wp\/v2\/tags?post=2344"}],"curies":[{"name":"wp","href":"https:\/\/api.w.org\/{rel}","templated":true}]}}