{"id":2295,"date":"2024-05-08T17:44:18","date_gmt":"2024-05-08T14:44:18","guid":{"rendered":"https:\/\/www.mersinmuhbir.com\/?p=2295"},"modified":"2024-05-08T17:44:18","modified_gmt":"2024-05-08T14:44:18","slug":"chpli-kis-ihracat-yasagi-cozum-degil-sorun-dogurur-ureticinin-girdi-maliyetleri-dusurulmeli-diyor","status":"publish","type":"post","link":"https:\/\/mersinmuhbir.com\/index.php\/2024\/05\/08\/chpli-kis-ihracat-yasagi-cozum-degil-sorun-dogurur-ureticinin-girdi-maliyetleri-dusurulmeli-diyor\/","title":{"rendered":"CHP\u2019L\u0130 KI\u015e, \u201c\u0130HRACAT YASA\u011eI \u00c7\u00d6Z\u00dcM DE\u011e\u0130L SORUN DO\u011eURUR. \u00dcRET\u0130C\u0130N\u0130N G\u0130RD\u0130 MAL\u0130YETLER\u0130 D\u00dc\u015e\u00dcR\u00dcLMEL\u0130\u201d D\u0130YOR"},"content":{"rendered":"<p>CHP Mersin Milletvekili G\u00fclcan K\u0131\u015f, aylard\u0131r ekonomik krizin ve hayat<br \/>\npahal\u0131l\u0131\u011f\u0131n\u0131n faturas\u0131n\u0131 farkl\u0131 sekt\u00f6rlere \u00e7\u0131karan AKP h\u00fck\u00fcmetinin bu kez de<br \/>\nbeyaz et sekt\u00f6r\u00fcnde b\u00fcy\u00fck zararlara yol a\u00e7acak kararlara imza att\u0131\u011f\u0131n\u0131<br \/>\ns\u00f6yledi. H\u00fck\u00fcmetin, tavuk eti fiyatlar\u0131n\u0131 d\u00fc\u015f\u00fcrmek i\u00e7in girdi maliyetlerini<br \/>\nazaltmak yerine ihracat\u0131 yasaklama yoluna gitti\u011fini kaydeden K\u0131\u015f, \u201cBu<br \/>\nkararla i\u015fletmeler zarar g\u00f6recek, binlerce i\u015f\u00e7i ve emek\u00e7inin haklar\u0131 da gasp<br \/>\nedilmi\u015f olacakt\u0131r\u201d dedi.<\/p>\n<p>CHP Mersin Milletvekili G\u00fclcan K\u0131\u015f, AKP h\u00fck\u00fcmetinin tavuk ihracat\u0131na<br \/>\nk\u0131s\u0131tlama getirmesini meclis g\u00fcndemine ta\u015f\u0131d\u0131. Hayat pahal\u0131l\u0131\u011f\u0131n\u0131n<br \/>\n\u00f6nlenmesi i\u00e7in \u00fcreticinin girdi maliyetlerinin d\u00fc\u015f\u00fcr\u00fclmesi gerekti\u011fine i\u015faret<br \/>\neden K\u0131\u015f, ihracat yasa\u011f\u0131n\u0131n beyaz et fiyatlar\u0131n\u0131 d\u00fc\u015f\u00fcrmeyece\u011fini, \u00e7ok say\u0131da<br \/>\ni\u015fletmenin zarar etmesine yol a\u00e7aca\u011f\u0131 uyar\u0131s\u0131nda bulundu.<br \/>\nK\u0131\u015f, \u201cTicaret Bakanl\u0131\u011f\u0131 beyaz et ihracat\u0131na s\u0131n\u0131rlama getirmi\u015ftir. Tavuk<br \/>\n\u00fcreticili\u011finde \u00fclkemizde ilk 5&amp;#39;te yer alan se\u00e7im b\u00f6lgem Mersin&amp;#39;de<br \/>\n\u00fcreticilerimiz bu kararla ma\u011fdur edilmi\u015ftir. Getirilen k\u0131s\u0131tlamayla sekt\u00f6rde<br \/>\ns\u00f6z sahibi olan ba\u015fta Tarsus il\u00e7emizdeki \u00fcreticilerimiz olmak \u00fczere t\u00fcm<br \/>\nbeyaz et \u00fcreticileri y\u0131llard\u0131r edindikleri kazan\u0131mlara darbe vuruldu\u011funu<br \/>\nbelirtmi\u015flerdir. Ekonomik krizin faturas\u0131n\u0131 sekt\u00f6re kesmenin do\u011fru<br \/>\nolmad\u0131\u011f\u0131n\u0131 belirten \u00fcreticilerimiz, ihracata k\u0131s\u0131tlaman\u0131n \u00fclke ekonomisine<br \/>\nolumsuz etki yapaca\u011f\u0131n\u0131 vurgulamaktad\u0131rlar. Bu kararla i\u015fletmeler zarar<br \/>\ng\u00f6recek, binlerce i\u015f\u00e7i ve emek\u00e7inin haklar\u0131 da gasp edilmi\u015f olacakt\u0131r. Tavuk<br \/>\neti fiyatlar\u0131n\u0131n artmas\u0131; yem fiyatlar\u0131n\u0131n y\u00fckselmesi, nakliye \u00fccretlerinin<br \/>\nart\u0131\u015f\u0131 gibi sebeplere ba\u011fl\u0131d\u0131r. Bundan dolay\u0131 bu yanl\u0131\u015f karardan derh\u00e2l<br \/>\nd\u00f6n\u00fclerek sorunlar\u0131n \u00e7\u00f6z\u00fcm\u00fc i\u00e7in H\u00fck\u00fbmeti sekt\u00f6re deva olmaya<br \/>\n\u00e7a\u011f\u0131r\u0131yoruz\u201d dedi.<\/p>\n","protected":false},"excerpt":{"rendered":"<p>CHP Mersin Milletvekili G\u00fclcan K\u0131\u015f, aylard\u0131r ekonomik krizin ve hayat pahal\u0131l\u0131\u011f\u0131n\u0131n faturas\u0131n\u0131 farkl\u0131 sekt\u00f6rlere \u00e7\u0131karan AKP h\u00fck\u00fcmetinin bu kez de beyaz et sekt\u00f6r\u00fcnde b\u00fcy\u00fck zararlara yol a\u00e7acak kararlara imza att\u0131\u011f\u0131n\u0131 s\u00f6yledi. H\u00fck\u00fcmetin, tavuk eti fiyatlar\u0131n\u0131 d\u00fc\u015f\u00fcrmek i\u00e7in girdi maliyetlerini azaltmak yerine ihracat\u0131 yasaklama yoluna gitti\u011fini kaydeden K\u0131\u015f, \u201cBu kararla i\u015fletmeler zarar g\u00f6recek, binlerce i\u015f\u00e7i ve [&hellip;]<\/p>\n","protected":false},"author":1,"featured_media":2296,"comment_status":"open","ping_status":"open","sticky":false,"template":"","format":"standard","meta":{"footnotes":""},"categories":[7,9,259],"tags":[],"class_list":["post-2295","post","type-post","status-publish","format-standard","has-post-thumbnail","hentry","category-gundem","category-manset","category-mersin"],"_links":{"self":[{"href":"https:\/\/mersinmuhbir.com\/index.php\/wp-json\/wp\/v2\/posts\/2295","targetHints":{"allow":["GET"]}}],"collection":[{"href":"https:\/\/mersinmuhbir.com\/index.php\/wp-json\/wp\/v2\/posts"}],"about":[{"href":"https:\/\/mersinmuhbir.com\/index.php\/wp-json\/wp\/v2\/types\/post"}],"author":[{"embeddable":true,"href":"https:\/\/mersinmuhbir.com\/index.php\/wp-json\/wp\/v2\/users\/1"}],"replies":[{"embeddable":true,"href":"https:\/\/mersinmuhbir.com\/index.php\/wp-json\/wp\/v2\/comments?post=2295"}],"version-history":[{"count":0,"href":"https:\/\/mersinmuhbir.com\/index.php\/wp-json\/wp\/v2\/posts\/2295\/revisions"}],"wp:featuredmedia":[{"embeddable":true,"href":"https:\/\/mersinmuhbir.com\/index.php\/wp-json\/wp\/v2\/media\/2296"}],"wp:attachment":[{"href":"https:\/\/mersinmuhbir.com\/index.php\/wp-json\/wp\/v2\/media?parent=2295"}],"wp:term":[{"taxonomy":"category","embeddable":true,"href":"https:\/\/mersinmuhbir.com\/index.php\/wp-json\/wp\/v2\/categories?post=2295"},{"taxonomy":"post_tag","embeddable":true,"href":"https:\/\/mersinmuhbir.com\/index.php\/wp-json\/wp\/v2\/tags?post=2295"}],"curies":[{"name":"wp","href":"https:\/\/api.w.org\/{rel}","templated":true}]}}