{"id":2223,"date":"2024-05-04T10:30:10","date_gmt":"2024-05-04T07:30:10","guid":{"rendered":"https:\/\/www.mersinmuhbir.com\/?p=2223"},"modified":"2024-05-04T10:30:10","modified_gmt":"2024-05-04T07:30:10","slug":"buyuksehirin-kirsalda-sathi-asfalt-sezonu-erdemlide-basladi","status":"publish","type":"post","link":"https:\/\/mersinmuhbir.com\/index.php\/2024\/05\/04\/buyuksehirin-kirsalda-sathi-asfalt-sezonu-erdemlide-basladi\/","title":{"rendered":"B\u00dcY\u00dcK\u015eEH\u0130R\u2019\u0130N KIRSALDA SATH\u0130 ASFALT SEZONU ERDEML\u0130\u2019DE BA\u015eLADI"},"content":{"rendered":"<p>Mersin B\u00fcy\u00fck\u015fehir Belediyesi Yol Yap\u0131m Bak\u0131m ve Onar\u0131m Dairesi Ba\u015fkanl\u0131\u011f\u0131 ekipleri, k\u0131rsalda sathi<br \/>\nasfalt sezonunu Erdemli\u2019den ba\u015flatt\u0131. Ekipler, Erdemli\u2019ye ba\u011fl\u0131 \u0130lemin Mahallesi\u2019nde 2023 y\u0131l\u0131nda<br \/>\nba\u015flatm\u0131\u015f oldu\u011fu 9,5 kilometrelik yol geni\u015fletme \u00e7al\u0131\u015fmalar\u0131n\u0131 tamamlad\u0131. Geni\u015fleyen yola sathi<br \/>\nkaplama yapan ekipler, b\u00f6lgede ya\u015fayan \u00fcreticinin de y\u00fcz\u00fcn\u00fc g\u00fcld\u00fcrd\u00fc.<br \/>\nKent merkezinde ger\u00e7ekle\u015ftirdi\u011fi yol yap\u0131m bak\u0131m, onar\u0131m ve iyile\u015ftirme faaliyetlerini il\u00e7elere ta\u015f\u0131yan<br \/>\nMersin B\u00fcy\u00fck\u015fehir Belediyesi, bu y\u0131l k\u0131rsal sathi kaplama sezonunu Erdemli il\u00e7esinden ba\u015flatt\u0131. Yol<br \/>\nYap\u0131m Bak\u0131m ve Onar\u0131m Dairesi ekipleri, Erdemli \u0130l\u00e7esi\u2019ne ba\u011fl\u0131 \u0130lemin Mahallesi\u2019nde 2023 y\u0131l\u0131nda<br \/>\nba\u015flatm\u0131\u015f oldu\u011fu 9,5 kilometrelik yol geni\u015fletme ve zemin iyile\u015ftirme faaliyetlerini tamamlayarak,<br \/>\nsathi kaplama \u00e7al\u0131\u015fmas\u0131 ger\u00e7ekle\u015ftirdi. \u0130l\u00e7ede, \u0130lemin, Karah\u0131d\u0131rl\u0131 ve \u00c7iftep\u0131nar\u0131 birbirine ba\u011flayan<br \/>\ngrup yolunda olduk\u00e7a bozuk ve y\u0131pranm\u0131\u015f zemini iyile\u015ftiren ekipler, yolun kullan\u0131m ve dayan\u0131kl\u0131l\u0131k<br \/>\n\u00f6mr\u00fcn\u00fc art\u0131rd\u0131. \u00d6zellikle yaz\u0131n yaylac\u0131lar\u0131n ve yerli \u00fcreticilerin b\u00f6lgeye has \u00fcr\u00fcnlerini Toptanc\u0131 Sebze<br \/>\nve Meyve Haline ula\u015ft\u0131r\u0131rken s\u0131k kulland\u0131\u011f\u0131 yol, B\u00fcy\u00fck\u015fehir ekiplerinin yo\u011fun \u00e7al\u0131\u015fmas\u0131 sonucu hem<br \/>\nkaliteli hem de konforlu bir yap\u0131ya kavu\u015fturuldu.<br \/>\nErdo\u011fan: \u201cVatanda\u015flar\u0131m\u0131z\u0131n daha sa\u011fl\u0131kl\u0131 ula\u015f\u0131mlar\u0131n\u0131 sa\u011flamak i\u00e7in konforlu yollar<br \/>\nyap\u0131yoruz\u201d<br \/>\nMersin B\u00fcy\u00fck\u015fehir Belediyesi Erdemi \u0130l\u00e7esi Yol Asfalt Sorumlusu Emrah Erdo\u011fan, 2023 y\u0131l\u0131nda<br \/>\nErdemli\u2019ye ba\u011fl\u0131 \u0130lemin Mahallesinde ba\u015flatt\u0131klar\u0131 9,5 kilometrelik yol geni\u015fletme \u00e7al\u0131\u015fmalar\u0131n\u0131<br \/>\ntamamlad\u0131klar\u0131n\u0131 ifade etti. \u0130lemin ile Karah\u0131d\u0131rl\u0131 Mahallesi aras\u0131nda 3 bin 300 metrelik yol a\u011f\u0131nda<br \/>\nzemin g\u00fc\u00e7lendirme \u00e7al\u0131\u015fmalar\u0131n\u0131 tamamlad\u0131klar\u0131n\u0131 aktaran Erdo\u011fan, \u201cYolumuzda zemin<br \/>\n\u00e7al\u0131\u015fmalar\u0131n\u0131 bitirdik ve sathi kaplama \u00e7al\u0131\u015fmalar\u0131m\u0131z\u0131 da tamaml\u0131yoruz. \u0130lemin, Karah\u0131d\u0131rl\u0131 ve<br \/>\n\u00c7iftep\u0131nar k\u00f6ylerini birbirine ba\u011fl\u0131yoruz. Tar\u0131m b\u00f6lgesi oldu\u011fumuz i\u00e7in hem sebze hem de<br \/>\nmeyve yeti\u015ftiricili\u011fi \u00e7ok fazla yap\u0131l\u0131yor. \u00d6zellikle bu b\u00f6lgede en \u00e7ok \u015feftali ve yazl\u0131k sofral\u0131k<br \/>\ndomates yeti\u015ftiricili\u011fi \u00e7ok yayg\u0131n. Daha \u00f6nce bu yol \u00e7ok dar ve \u00e7ok bozuktu. Biz yolda b\u00fct\u00fcn<br \/>\niyile\u015ftirmeleri yaparak yolu geni\u015flettik. \u00dcreticilerimizin \u00fcr\u00fcnlerini daha sa\u011fl\u0131kl\u0131 bir \u015fekilde<br \/>\nToptanc\u0131 Sebze ve Meyve Haline ula\u015ft\u0131rabilmeleri i\u00e7in g\u00fczel bir zemin haz\u0131rlam\u0131\u015f olduk.<br \/>\nB\u00fcy\u00fck\u015fehir olarak vatanda\u015flar\u0131m\u0131z\u0131n daha rahat bir \u015fekilde \u015fehir merkezine ula\u015f\u0131mlar\u0131n\u0131<br \/>\nsa\u011flamak i\u00e7in konforlu bir yol yapt\u0131k\u201d s\u00f6zlerine yer verdi.<br \/>\nMuhtar Uzlar: \u201cYap\u0131lan yol sayesinde hem vatanda\u015f\u0131n hem \u00fcreticinin y\u00fcz\u00fc g\u00fcld\u00fc\u201d<br \/>\nErdemli \u0130l\u00e7esine ba\u011fl\u0131 \u0130lemin Mahallesi Muhtar\u0131 Eray Uzlar, daha \u00f6nceden mahalle yollar\u0131n\u0131n olduk\u00e7a<br \/>\nbozuk oldu\u011funu belirterek, \u201cDaha \u00f6nceden bizim yolumuz \u00e7ok dard\u0131 ve B\u00fcy\u00fck\u015fehir 9,5<br \/>\nkilometrelik bir yol geni\u015fletme \u00e7al\u0131\u015fmas\u0131 yapt\u0131. Bizim buras\u0131 hem narenciye b\u00f6lgesi hem de<br \/>\ndomates, \u015feftali gibi \u00fcr\u00fcnler yeti\u015fir. \u00dcr\u00fcnleri, Toptanc\u0131 Sebze ve Meyve Haline g\u00f6t\u00fcrmek i\u00e7in t\u0131r<br \/>\ngeldi\u011finde yol \u00e7ok dar ve bozuk oldu\u011fundan k\u00f6ye giremiyordu. K\u00f6yl\u00fclerimiz b\u00f6yle bir yol<br \/>\nyap\u0131laca\u011f\u0131n\u0131 hi\u00e7 ummuyordu. Hem vatanda\u015f\u0131n hem \u00fcreticinin y\u00fcz\u00fc g\u00fcld\u00fc. Buras\u0131 \u00e7ok kullan\u0131\u015fl\u0131<br \/>\nda bir yol. Yayla yolu olarak da ge\u00e7iyor. \u00c7evre mahallelere, Elvanl\u0131, Karah\u0131d\u0131rl\u0131, \u00c7iftep\u0131nar\u2019a da<br \/>\n\u00e7ok faydas\u0131 oldu\u201d dedi.<\/p>\n","protected":false},"excerpt":{"rendered":"<p>Mersin B\u00fcy\u00fck\u015fehir Belediyesi Yol Yap\u0131m Bak\u0131m ve Onar\u0131m Dairesi Ba\u015fkanl\u0131\u011f\u0131 ekipleri, k\u0131rsalda sathi asfalt sezonunu Erdemli\u2019den ba\u015flatt\u0131. Ekipler, Erdemli\u2019ye ba\u011fl\u0131 \u0130lemin Mahallesi\u2019nde 2023 y\u0131l\u0131nda ba\u015flatm\u0131\u015f oldu\u011fu 9,5 kilometrelik yol geni\u015fletme \u00e7al\u0131\u015fmalar\u0131n\u0131 tamamlad\u0131. Geni\u015fleyen yola sathi kaplama yapan ekipler, b\u00f6lgede ya\u015fayan \u00fcreticinin de y\u00fcz\u00fcn\u00fc g\u00fcld\u00fcrd\u00fc. Kent merkezinde ger\u00e7ekle\u015ftirdi\u011fi yol yap\u0131m bak\u0131m, onar\u0131m ve iyile\u015ftirme faaliyetlerini il\u00e7elere [&hellip;]<\/p>\n","protected":false},"author":1,"featured_media":2224,"comment_status":"open","ping_status":"open","sticky":false,"template":"","format":"standard","meta":{"footnotes":""},"categories":[7,9,259],"tags":[],"class_list":["post-2223","post","type-post","status-publish","format-standard","has-post-thumbnail","hentry","category-gundem","category-manset","category-mersin"],"_links":{"self":[{"href":"https:\/\/mersinmuhbir.com\/index.php\/wp-json\/wp\/v2\/posts\/2223","targetHints":{"allow":["GET"]}}],"collection":[{"href":"https:\/\/mersinmuhbir.com\/index.php\/wp-json\/wp\/v2\/posts"}],"about":[{"href":"https:\/\/mersinmuhbir.com\/index.php\/wp-json\/wp\/v2\/types\/post"}],"author":[{"embeddable":true,"href":"https:\/\/mersinmuhbir.com\/index.php\/wp-json\/wp\/v2\/users\/1"}],"replies":[{"embeddable":true,"href":"https:\/\/mersinmuhbir.com\/index.php\/wp-json\/wp\/v2\/comments?post=2223"}],"version-history":[{"count":0,"href":"https:\/\/mersinmuhbir.com\/index.php\/wp-json\/wp\/v2\/posts\/2223\/revisions"}],"wp:featuredmedia":[{"embeddable":true,"href":"https:\/\/mersinmuhbir.com\/index.php\/wp-json\/wp\/v2\/media\/2224"}],"wp:attachment":[{"href":"https:\/\/mersinmuhbir.com\/index.php\/wp-json\/wp\/v2\/media?parent=2223"}],"wp:term":[{"taxonomy":"category","embeddable":true,"href":"https:\/\/mersinmuhbir.com\/index.php\/wp-json\/wp\/v2\/categories?post=2223"},{"taxonomy":"post_tag","embeddable":true,"href":"https:\/\/mersinmuhbir.com\/index.php\/wp-json\/wp\/v2\/tags?post=2223"}],"curies":[{"name":"wp","href":"https:\/\/api.w.org\/{rel}","templated":true}]}}