{"id":2094,"date":"2024-04-22T15:51:52","date_gmt":"2024-04-22T12:51:52","guid":{"rendered":"https:\/\/www.mersinmuhbir.com\/?p=2094"},"modified":"2024-04-22T15:51:52","modified_gmt":"2024-04-22T12:51:52","slug":"akdeniz-belediyesinde-23-nisan-etkinligi","status":"publish","type":"post","link":"https:\/\/mersinmuhbir.com\/index.php\/2024\/04\/22\/akdeniz-belediyesinde-23-nisan-etkinligi\/","title":{"rendered":"AKDEN\u0130Z BELED\u0130YES\u0130\u2019NDE \u201c23 N\u0130SAN\u201d ETK\u0130NL\u0130\u011e\u0130"},"content":{"rendered":"<p>Akdeniz Belediyesi E\u015f Ba\u015fkanlar\u0131 Ho\u015fyar Sar\u0131y\u0131ld\u0131z ve Nuriye Arslan; \u201c23 Nisan Ulusal Egemenlik<br \/>\nve \u00c7ocuk Bayram\u0131\u201d dolay\u0131s\u0131yla d\u00fczenlenen etkinlikte, onkoloji tedavisi g\u00f6ren \u00e7ocuklarla bir araya<br \/>\ngeldi. \u00c7ocuklar\u0131n sevincine ortak olan E\u015f Ba\u015fkanlar, \u00f6zel durumu olan \u00e7ocuklar ve ailelerinin her<br \/>\nzaman yan\u0131nda olacaklar\u0131n\u0131 vurgulad\u0131.<br \/>\nKad\u0131n ve Aile Hizmetleri M\u00fcd\u00fcrl\u00fc\u011f\u00fc\u2019n\u00fcn bah\u00e7esinde ger\u00e7ekle\u015fen etkinlikte, onkoloji tedavisi<br \/>\ng\u00f6ren k\u00fc\u00e7\u00fck \u00e7ocuklar\u0131n kat\u0131ld\u0131\u011f\u0131 bir bulu\u015fma ger\u00e7ekle\u015fti. E\u015f Ba\u015fkanlar Arslan ve Sar\u0131y\u0131ld\u0131z\u2019\u0131n da<br \/>\nkat\u0131ld\u0131\u011f\u0131 etkinlikte, kukla g\u00f6sterisi d\u00fczenlendi, gitar \u00e7alan \u00e7ocuklar d\u00fcnya bar\u0131\u015f\u0131 ve karde\u015fli\u011fe<br \/>\n\u00f6zlemi anlatan \u015fark\u0131lar s\u00f6yledi. Ankara havalar\u0131na da e\u015flik eden \u00e7ocuklar ve aileleri mutlu<br \/>\ndakikalar ge\u00e7irirken, E\u015f Ba\u015fkanlar da \u00e7ocuklara hediyeler vererek sevin\u00e7 ve mutluluklar\u0131na<br \/>\nortak oldu. Etkinlikte, 23 Nisan Ulusal Egemenlik ve \u00c7ocuk Bayram\u0131\u2019na \u00f6zel olarak haz\u0131rlanan<br \/>\nbir pasta da kesildi.<br \/>\n\u201c\u00c7ocuklar\u0131m\u0131z\u0131n y\u00fcz\u00fcn\u00fcn g\u00fcld\u00fc\u011f\u00fc bir gelecek hepimizin \u00f6zlemi\u201d<br \/>\nBulu\u015fmada ailelere hitap eden E\u015f Ba\u015fkan Sar\u0131y\u0131ld\u0131z; \u201cAkdeniz Belediyesi olarak \u00e7ocuklar\u0131m\u0131z\u0131n<br \/>\nyarar\u0131na bu tarz etkinlikler d\u00fczenleyip, y\u00fczlerindeki tebess\u00fcm\u00fc artt\u0131rmak bizleri \u00e7ok mutlu etti.<br \/>\nBug\u00fcn 23 Nisan, siz \u00e7ocuklar\u0131m\u0131z\u0131n bayram\u0131, kutlu olsun. \u00c7ocuklar\u0131m\u0131z\u0131n y\u00fcz\u00fcn\u00fcn g\u00fcld\u00fc\u011f\u00fc,<br \/>\ndaima mutlu olduklar\u0131 bir gelecek hepimizin \u00f6zlemi ve tahayy\u00fcl\u00fcd\u00fcr. Bizler de bu ama\u00e7la<br \/>\n\u00e7ocuklar\u0131m\u0131z\u0131n yan\u0131nda olaca\u011f\u0131z. Sa\u011fl\u0131k sorunlar\u0131 ile u\u011fra\u015fan \u00e7ocuklar\u0131m\u0131za ve ailelerine<br \/>\nelimizden gelen her t\u00fcrl\u00fc maddi manevi deste\u011fi sunmaya devam edece\u011fiz\u201d diye konu\u015ftu.<br \/>\n\u201c\u00d6zel durumu olan \u00e7ocuklar\u0131m\u0131z\u0131n daima yan\u0131nda olaca\u011f\u0131z\u201d<br \/>\nE\u015f Ba\u015fkan Nuriye Arslan da etkinlikte yapt\u0131\u011f\u0131 konu\u015fmada, etkinlikte eme\u011fi ge\u00e7enlere te\u015fekk\u00fcr<br \/>\netti. Arslan; \u201cAnneler i\u00e7in d\u00fcnyada en de\u011ferli \u015fey \u00e7ocuklar\u0131n\u0131n sa\u011fl\u0131\u011f\u0131d\u0131r, onlar\u0131n g\u00fcvenli bir<br \/>\ngelece\u011fi olmas\u0131d\u0131r. Elbette belediye olarak \u00f6zel durumu olan sevgili \u00e7ocuklar\u0131m\u0131za,<br \/>\nbelediyemizin t\u00fcm imkanlar\u0131n\u0131 sunaca\u011f\u0131m\u0131z\u0131 bir kez daha belirtmek isterim. Hep birlikte<br \/>\n\u00e7ocuklar\u0131m\u0131z i\u00e7in daha sa\u011fl\u0131kl\u0131, g\u00fcvenli, \u00e7ok daha g\u00fczel ve ya\u015fan\u0131labilir bir d\u00fcnya olu\u015fturmak<br \/>\ni\u00e7in u\u011fra\u015fmal\u0131y\u0131z. Rabbim, sa\u011fl\u0131k sorunu ya\u015fayan b\u00fct\u00fcn \u00e7ocuklar\u0131m\u0131za \u015fifalar, anne ve<br \/>\nbabalar\u0131na da g\u00fc\u00e7 versin\u201d ifadelerini kulland\u0131.<\/p>\n","protected":false},"excerpt":{"rendered":"<p>Akdeniz Belediyesi E\u015f Ba\u015fkanlar\u0131 Ho\u015fyar Sar\u0131y\u0131ld\u0131z ve Nuriye Arslan; \u201c23 Nisan Ulusal Egemenlik ve \u00c7ocuk Bayram\u0131\u201d dolay\u0131s\u0131yla d\u00fczenlenen etkinlikte, onkoloji tedavisi g\u00f6ren \u00e7ocuklarla bir araya geldi. \u00c7ocuklar\u0131n sevincine ortak olan E\u015f Ba\u015fkanlar, \u00f6zel durumu olan \u00e7ocuklar ve ailelerinin her zaman yan\u0131nda olacaklar\u0131n\u0131 vurgulad\u0131. Kad\u0131n ve Aile Hizmetleri M\u00fcd\u00fcrl\u00fc\u011f\u00fc\u2019n\u00fcn bah\u00e7esinde ger\u00e7ekle\u015fen etkinlikte, onkoloji tedavisi g\u00f6ren k\u00fc\u00e7\u00fck [&hellip;]<\/p>\n","protected":false},"author":1,"featured_media":2095,"comment_status":"open","ping_status":"open","sticky":false,"template":"","format":"standard","meta":{"footnotes":""},"categories":[7,262,259],"tags":[],"class_list":["post-2094","post","type-post","status-publish","format-standard","has-post-thumbnail","hentry","category-gundem","category-kultur-sanat","category-mersin"],"_links":{"self":[{"href":"https:\/\/mersinmuhbir.com\/index.php\/wp-json\/wp\/v2\/posts\/2094","targetHints":{"allow":["GET"]}}],"collection":[{"href":"https:\/\/mersinmuhbir.com\/index.php\/wp-json\/wp\/v2\/posts"}],"about":[{"href":"https:\/\/mersinmuhbir.com\/index.php\/wp-json\/wp\/v2\/types\/post"}],"author":[{"embeddable":true,"href":"https:\/\/mersinmuhbir.com\/index.php\/wp-json\/wp\/v2\/users\/1"}],"replies":[{"embeddable":true,"href":"https:\/\/mersinmuhbir.com\/index.php\/wp-json\/wp\/v2\/comments?post=2094"}],"version-history":[{"count":0,"href":"https:\/\/mersinmuhbir.com\/index.php\/wp-json\/wp\/v2\/posts\/2094\/revisions"}],"wp:featuredmedia":[{"embeddable":true,"href":"https:\/\/mersinmuhbir.com\/index.php\/wp-json\/wp\/v2\/media\/2095"}],"wp:attachment":[{"href":"https:\/\/mersinmuhbir.com\/index.php\/wp-json\/wp\/v2\/media?parent=2094"}],"wp:term":[{"taxonomy":"category","embeddable":true,"href":"https:\/\/mersinmuhbir.com\/index.php\/wp-json\/wp\/v2\/categories?post=2094"},{"taxonomy":"post_tag","embeddable":true,"href":"https:\/\/mersinmuhbir.com\/index.php\/wp-json\/wp\/v2\/tags?post=2094"}],"curies":[{"name":"wp","href":"https:\/\/api.w.org\/{rel}","templated":true}]}}