{"id":2091,"date":"2024-04-22T14:43:38","date_gmt":"2024-04-22T11:43:38","guid":{"rendered":"https:\/\/www.mersinmuhbir.com\/?p=2091"},"modified":"2024-04-22T14:43:38","modified_gmt":"2024-04-22T11:43:38","slug":"23-nisan-dolayisiyla-kente-gelen-romanyali-cocuklar-danslariyla-buyuledi","status":"publish","type":"post","link":"https:\/\/mersinmuhbir.com\/index.php\/2024\/04\/22\/23-nisan-dolayisiyla-kente-gelen-romanyali-cocuklar-danslariyla-buyuledi\/","title":{"rendered":"23 N\u0130SAN DOLAYISIYLA KENTE GELEN ROMANYALI \u00c7OCUKLAR, DANSLARIYLA B\u00dcY\u00dcLED\u0130"},"content":{"rendered":"<p>Mersin B\u00fcy\u00fck\u015fehir Belediyesi\u2019nin 23 Nisan Ulusal Egemenlik ve \u00c7ocuk Bayram\u0131 dolay\u0131s\u0131yla bu y\u0131l<br \/>\nilkini ger\u00e7ekle\u015ftirdi\u011fi \u2018Uluslararas\u0131 \u00c7ocuk Festivali\u2019 t\u00fcm co\u015fkusuyla Mersin\u2019i sarmaya devam<br \/>\nediyor. Kentin d\u00f6rt bir yan\u0131nda festival dolay\u0131s\u0131yla etkinlikler s\u00fcrmeye devam ederken, festival<br \/>\nkapsam\u0131nda Mersin\u2019e gelen \u00fclkelerden olan Romanya Halk Danslar\u0131 Toplulu\u011fu da; Mersin<br \/>\nB\u00fcy\u00fck\u015fehir Belediye Ba\u015fkan\u0131 Vahap Se\u00e7er\u2019e s\u00fcrpriz bir g\u00f6steri ger\u00e7ekle\u015ftirdi.<br \/>\nMersin B\u00fcy\u00fck\u015fehir Belediyesi hizmet binas\u0131 \u00f6n\u00fcnde Ba\u015fkan Se\u00e7er\u2019e y\u00f6resel dans g\u00f6sterisi sergileyen<br \/>\nRomanya Halk Danslar\u0131 Toplulu\u011fu, danslar\u0131yla izleyenleri adeta b\u00fcy\u00fcledi. Romanya Halk Danslar\u0131<br \/>\nToplulu\u011fu\u2019nun g\u00f6sterisini izleyen Se\u00e7er, \u00e7ocuklara te\u015fekk\u00fcr ederek her birinin 23 Nisan Ulusal<br \/>\nEgemenlik ve \u00c7ocuk Bayram\u0131\u2019n\u0131 kutlad\u0131.<\/p>\n","protected":false},"excerpt":{"rendered":"<p>Mersin B\u00fcy\u00fck\u015fehir Belediyesi\u2019nin 23 Nisan Ulusal Egemenlik ve \u00c7ocuk Bayram\u0131 dolay\u0131s\u0131yla bu y\u0131l ilkini ger\u00e7ekle\u015ftirdi\u011fi \u2018Uluslararas\u0131 \u00c7ocuk Festivali\u2019 t\u00fcm co\u015fkusuyla Mersin\u2019i sarmaya devam ediyor. Kentin d\u00f6rt bir yan\u0131nda festival dolay\u0131s\u0131yla etkinlikler s\u00fcrmeye devam ederken, festival kapsam\u0131nda Mersin\u2019e gelen \u00fclkelerden olan Romanya Halk Danslar\u0131 Toplulu\u011fu da; Mersin B\u00fcy\u00fck\u015fehir Belediye Ba\u015fkan\u0131 Vahap Se\u00e7er\u2019e s\u00fcrpriz bir g\u00f6steri ger\u00e7ekle\u015ftirdi. [&hellip;]<\/p>\n","protected":false},"author":1,"featured_media":2092,"comment_status":"open","ping_status":"open","sticky":false,"template":"","format":"standard","meta":{"footnotes":""},"categories":[262,259],"tags":[],"class_list":["post-2091","post","type-post","status-publish","format-standard","has-post-thumbnail","hentry","category-kultur-sanat","category-mersin"],"_links":{"self":[{"href":"https:\/\/mersinmuhbir.com\/index.php\/wp-json\/wp\/v2\/posts\/2091","targetHints":{"allow":["GET"]}}],"collection":[{"href":"https:\/\/mersinmuhbir.com\/index.php\/wp-json\/wp\/v2\/posts"}],"about":[{"href":"https:\/\/mersinmuhbir.com\/index.php\/wp-json\/wp\/v2\/types\/post"}],"author":[{"embeddable":true,"href":"https:\/\/mersinmuhbir.com\/index.php\/wp-json\/wp\/v2\/users\/1"}],"replies":[{"embeddable":true,"href":"https:\/\/mersinmuhbir.com\/index.php\/wp-json\/wp\/v2\/comments?post=2091"}],"version-history":[{"count":0,"href":"https:\/\/mersinmuhbir.com\/index.php\/wp-json\/wp\/v2\/posts\/2091\/revisions"}],"wp:featuredmedia":[{"embeddable":true,"href":"https:\/\/mersinmuhbir.com\/index.php\/wp-json\/wp\/v2\/media\/2092"}],"wp:attachment":[{"href":"https:\/\/mersinmuhbir.com\/index.php\/wp-json\/wp\/v2\/media?parent=2091"}],"wp:term":[{"taxonomy":"category","embeddable":true,"href":"https:\/\/mersinmuhbir.com\/index.php\/wp-json\/wp\/v2\/categories?post=2091"},{"taxonomy":"post_tag","embeddable":true,"href":"https:\/\/mersinmuhbir.com\/index.php\/wp-json\/wp\/v2\/tags?post=2091"}],"curies":[{"name":"wp","href":"https:\/\/api.w.org\/{rel}","templated":true}]}}