{"id":2028,"date":"2024-04-17T11:35:12","date_gmt":"2024-04-17T08:35:12","guid":{"rendered":"https:\/\/www.mersinmuhbir.com\/?p=2028"},"modified":"2024-04-17T11:35:12","modified_gmt":"2024-04-17T08:35:12","slug":"secerden-ilce-belediye-baskanlarina-sirtiniza-dokunan-samimi-el-biz-olacagiz","status":"publish","type":"post","link":"https:\/\/mersinmuhbir.com\/index.php\/2024\/04\/17\/secerden-ilce-belediye-baskanlarina-sirtiniza-dokunan-samimi-el-biz-olacagiz\/","title":{"rendered":"SE\u00c7ER\u2019DEN \u0130L\u00c7E BELED\u0130YE BA\u015eKANLARINA; \u201cSIRTINIZA DOKUNAN SAM\u0130M\u0130 EL B\u0130Z OLACA\u011eIZ\u201d"},"content":{"rendered":"<p>Mersin B\u00fcy\u00fck\u015fehir Belediye Ba\u015fkan\u0131 Vahap Se\u00e7er; il\u00e7e belediye ba\u015fkanlar\u0131 ve B\u00fcy\u00fck\u015fehir Belediye<br \/>\nMeclisi \u00fcyeleri ile bir araya geldi.<br \/>\nSe\u00e7er konu\u015fmas\u0131nda, Meclis \u00fcyeleri ile Meclis d\u0131\u015f\u0131nda daha s\u0131k bir araya gelmek istedi\u011fini belirterek,<br \/>\n\u201cBu benim ger\u00e7ekten \u00e7ok arzu etti\u011fim, samimiyetle istedi\u011fim ikinci 5 y\u0131l\u0131m\u0131zdaki uygulama\u201d<br \/>\ndedi. Meclis toplant\u0131lar\u0131n\u0131n Mersin ve Mersin halk\u0131 ad\u0131na sakin ge\u00e7mesi gerekti\u011fini kaydeden Se\u00e7er,<br \/>\n\u201cMeclis\u2019in b\u00fcy\u00fckl\u00fc\u011f\u00fcne, dinginli\u011fine, ciddiyetine uygun konu\u015fmalar yapma gereklili\u011fimiz var.<br \/>\nToplumsal bar\u0131\u015f i\u00e7in bu gerekli\u201d diye konu\u015ftu.<br \/>\nYeni kat\u0131lan Meclis \u00fcyelerinin Meclis\u2019e farkl\u0131 bir atmosfer katacaklar\u0131na inand\u0131\u011f\u0131n\u0131 belirten Se\u00e7er,<br \/>\n\u201cDaha keyifli ve g\u00fczel \u00e7al\u0131\u015fmalar yapaca\u011f\u0131m\u0131z\u0131 umut ediyorum. Bu durum Meclis\u2019in de de\u011ferine<br \/>\nde\u011fer katacak diye d\u00fc\u015f\u00fcn\u00fcyorum\u201d dedi.<br \/>\nMeclis\u2019te say\u0131sal \u00e7o\u011funlu\u011fa sahip olduklar\u0131 i\u00e7in \u2018Biz yapt\u0131k oldu\u2019 mant\u0131\u011f\u0131yla hareket etmeyeceklerinin<br \/>\nde alt\u0131n\u0131 \u00e7izen Se\u00e7er, \u201cE\u011fer iyi i\u015fler \u00e7\u0131kartmak istiyorsak s\u00fcreci birlik, beraberlik ve samimiyet<br \/>\ni\u00e7erisinde g\u00f6t\u00fcrme gereklili\u011fi var. Burada ba\u015fat g\u00f6rev bana d\u00fc\u015f\u00fcyor. Ben bu sorumlulu\u011fu<br \/>\nal\u0131yorum\u201d diye konu\u015ftu.<br \/>\nSe\u00e7er, il\u00e7e belediyelerine gerekli t\u00fcm b\u00fcrokratik ve teknik deste\u011fi vereceklerini de s\u00f6zlerine<br \/>\nekleyerek, \u201cSamimi bir el s\u0131rt\u0131n\u0131za dokundu\u011fu noktada emin olun rahatlars\u0131n\u0131z. Biz o el<br \/>\nolaca\u011f\u0131z\u201d diye belirtti.<br \/>\nDemokrasinin say\u0131sal \u00fcst\u00fcnl\u00fck anlam\u0131na gelmedi\u011finin de alt\u0131n\u0131 \u00e7izen Se\u00e7er, \u201cDemokrasi az\u0131nl\u0131kta<br \/>\nolanlar\u0131n hakk\u0131n\u0131 korumakt\u0131r. \u00c7o\u011funlukta olanlar\u0131n \u2018Ben yapt\u0131m oldu, bitti\u2019 mant\u0131\u011f\u0131yla kararlar<br \/>\nald\u0131rmas\u0131 de\u011fildir\u201d dedi.Mersin B\u00fcy\u00fck\u015fehir Belediye Ba\u015fkan\u0131 Vahap Se\u00e7er, il\u00e7e belediye ba\u015fkanlar\u0131 ve B\u00fcy\u00fck\u015fehir Belediye<br \/>\nMeclisi \u00fcyeleri ile bir araya geldi.<br \/>\nD\u00fczenlenen programda; Anamur Belediye Ba\u015fkan\u0131 Durmu\u015f Deniz, Akdeniz Belediyesi E\u015f Ba\u015fkanlar\u0131<br \/>\nHo\u015fyar Sar\u0131y\u0131ld\u0131z ve Nuriye Arslan, Ayd\u0131nc\u0131k Belediye Ba\u015fkan\u0131 \u00d6zkan K\u0131l\u0131\u00e7arpa, Bozyaz\u0131 Belediye<br \/>\nBa\u015fkan\u0131 Mustafa \u00c7etinkaya, \u00c7aml\u0131yayla Belediye Ba\u015fkan\u0131 Mehmet Fatih Sofu, Erdemli Belediye<br \/>\nBa\u015fkan\u0131 Mustafa Kara, G\u00fclnar Belediye Ba\u015fkan\u0131 Fatih \u00d6nge, Mut Belediye Ba\u015fkan\u0131 Murat Orhan,<br \/>\nSilifke Belediye Ba\u015fkan\u0131 Mustafa Turgut, Tarsus Belediye Ba\u015fkan\u0131 Ali Bolta\u00e7, Toroslar Belediye<br \/>\nBa\u015fkan\u0131 Abdurrahman Y\u0131ld\u0131z, Yeni\u015fehir Belediye Ba\u015fkan\u0131 Abdullah \u00d6zyi\u011fit, Mezitli Belediye<br \/>\nBa\u015fkan\u0131 Ahmet Serkan Tuncer ve B\u00fcy\u00fck\u015fehir Belediye Meclisi \u00fcyeleri yer ald\u0131.<br \/>\nBa\u015fkan Se\u00e7er: \u201cBu benim arzu etti\u011fim uygulama\u201d<br \/>\nKentte g\u00f6rev yapan t\u00fcm il\u00e7e belediye ba\u015fkanlar\u0131 ve B\u00fcy\u00fck\u015fehir Belediye Meclisi \u00fcyeleri ile bir araya<br \/>\ngelen Ba\u015fkan Se\u00e7er konu\u015fmas\u0131nda, bu tarz etkinlikleri s\u0131k s\u0131k yapmak istediklerini kaydederek, \u201cBu<br \/>\nbenim ger\u00e7ekten \u00e7ok arzu etti\u011fim, samimiyetle istedi\u011fim ikinci 5 y\u0131l\u0131m\u0131zdaki uygulama. Meclis<br \/>\natmosferi d\u0131\u015f\u0131nda olmak insanlar\u0131 daha rahat hissettiriyor, duygular\u0131n\u0131 daha rahat ifade<br \/>\nediyorlar\u201d dedi. Farkl\u0131 siyasi g\u00f6r\u00fc\u015flerden olsalar da t\u00fcm Meclis \u00fcyelerinin ortak bir ama\u00e7 i\u00e7in bir<\/p>\n<p>arada oldu\u011funu belirten Ba\u015fkan Se\u00e7er, \u201cBu duygu birlikteli\u011fini \u00f6nemsiyorum. Ge\u00e7mi\u015f ge\u00e7mi\u015fte<br \/>\nkald\u0131, \u00e7ok iyi dostluklar oldu. Ekran kar\u015f\u0131s\u0131nda birbirimize sert muhalefet yapabiliriz ama<br \/>\nbirbirimizle \u00e7ok iyi dostluklar\u0131m\u0131z var\u201d diye konu\u015ftu.<br \/>\nNisan ay\u0131n\u0131n ilk Meclis toplant\u0131s\u0131nda yapt\u0131\u011f\u0131 bir konu\u015fmay\u0131 an\u0131msatan Se\u00e7er, \u201cGe\u00e7ti\u011fimiz toplant\u0131da;<br \/>\n\u2018Burada mikrofonu ald\u0131\u011f\u0131n\u0131zda Meclis\u2019e hitap ederken ayn\u0131 zamanda Mersin halk\u0131na hitap<br \/>\netti\u011finizi l\u00fctfen unutmay\u0131n. \u0130nsanlar etkileniyor\u2019 dedim. Meclis\u2019in b\u00fcy\u00fckl\u00fc\u011f\u00fcne, dinginli\u011fine,<br \/>\nciddiyetine uygun konu\u015fmalar yapmak; insanlar\u0131n yanl\u0131\u015f anlamas\u0131na, tahrik olmas\u0131na, heyecan<br \/>\nyapmas\u0131na, \u00f6fkelenmesine neden olmayacak \u015fekilde muhalefet yapma ya da ele\u015ftiri yapma<br \/>\ngereklili\u011fi var. Benim de Ba\u015fkan olarak Meclis\u2019e hitap ederken bu \u015fekilde davranma<br \/>\ngereklili\u011fim var. Toplumsal bar\u0131\u015f i\u00e7in bu gerekli\u201d ifadelerini kulland\u0131.<br \/>\n\u201cDaha keyifli ve g\u00fczel \u00e7al\u0131\u015fmalar yapaca\u011f\u0131m\u0131z\u0131 umut ediyorum\u201d<br \/>\nSe\u00e7er, ge\u00e7ti\u011fimiz 5 y\u0131lda ders \u00e7\u0131kart\u0131lacak olaylar ya\u015fand\u0131\u011f\u0131n\u0131 s\u00f6zlerine ekleyerek, yeni kat\u0131lan Meclis<br \/>\n\u00fcyelerinin Meclis\u2019e farkl\u0131 bir atmosfer katacaklar\u0131na inand\u0131\u011f\u0131n\u0131 belirterek, \u201cDaha keyifli ve daha<br \/>\ng\u00fczel \u00e7al\u0131\u015fmalar yapaca\u011f\u0131m\u0131z\u0131 umut ediyorum. Bu durum Meclis\u2019in de de\u011ferine de\u011fer katacak<br \/>\ndiye d\u00fc\u015f\u00fcn\u00fcyorum. Meclis; Mersin halk\u0131n\u0131 temsil eden, Mersin halk\u0131n iradesini yans\u0131tan<br \/>\ninsanlar\u0131n bir arada oldu\u011fu yer\u201d dedi.<br \/>\nGe\u00e7ti\u011fimiz 5 y\u0131lda Meclis\u2019le birlikte \u00f6nemli hizmetler yapt\u0131klar\u0131na de\u011finen Se\u00e7er, t\u00fcm partilerin ortak<br \/>\ng\u00f6r\u00fc\u015f\u00fcn\u00fc alarak \u00e7al\u0131\u015fmalar yapmaya \u00f6zen g\u00f6sterdiklerini kaydetti. Se\u00e7er, \u201cBaz\u0131lar\u0131nda idarenin<br \/>\nistedi\u011fi g\u00f6r\u00fc\u015fler \u00e7\u0131kt\u0131, baz\u0131lar\u0131nda \u00e7\u0131kmad\u0131, bunu da sayg\u0131yla kar\u015f\u0131lad\u0131k. Bu y\u0131l da ayn\u0131<br \/>\ndo\u011frultuda hareket etmek istedi\u011fimi bilmenizi istiyorum. Parti olarak Meclis \u00e7o\u011funlu\u011funa sahip<br \/>\nolmam\u0131z; \u2018Her \u015feyi biz istiyoruz, demokrasi bizim a\u00e7\u0131m\u0131zdan say\u0131sal \u00fcst\u00fcnl\u00fckt\u00fcr. Biz olay\u0131n say\u0131sal<br \/>\ntemsiliyetine bakar\u0131z\u2019 gibi bir anlay\u0131\u015f i\u00e7erisinde olmay\u0131z. Demokrasi say\u0131sal \u00fcst\u00fcnl\u00fck de\u011fildir,<br \/>\nbilakis az\u0131nl\u0131kta olanlar\u0131n hakk\u0131n\u0131 korumakt\u0131r. \u00c7o\u011funlukta olanlar\u0131n \u2018Ben yapt\u0131m oldu, bitti\u2019<br \/>\nmant\u0131\u011f\u0131yla kararlar ald\u0131rmas\u0131 de\u011fildir\u201d ifadelerini kulland\u0131.<br \/>\n\u201c\u0130yi i\u015fler \u00e7\u0131kartmak istiyorsak, s\u00fcreci birlik i\u00e7erisinde g\u00f6t\u00fcrmemiz gerekiyor\u201d<br \/>\nSe\u00e7er, birlik ve beraberlik i\u00e7erisinde hizmetler yapman\u0131n \u00f6neminden de s\u00f6z ederek, \u201cBiz tabi ki arzu<br \/>\netti\u011fimiz teklifleri getirece\u011fiz, ge\u00e7mesini sa\u011flayaca\u011f\u0131z ama bunlar\u0131 sizlere uhuletle, suhuletle ve<br \/>\nnezaket \u00e7er\u00e7evesinde anlatarak, m\u00fcmk\u00fcnse de sizi ikna ederek yapaca\u011f\u0131z. E\u011fer iyi i\u015fler<br \/>\n\u00e7\u0131kartmak istiyorsak s\u00fcreci birlik, beraberlik ve samimiyet i\u00e7erisinde g\u00f6t\u00fcrme gereklili\u011fi var.<br \/>\nBurada ba\u015fat g\u00f6rev bana d\u00fc\u015f\u00fcyor. Ben bu sorumlulu\u011fu al\u0131yorum\u201d dedi.<br \/>\n\u201cHepinizle de i\u015f birli\u011fi yapmak istiyorum\u201d<br \/>\nDaha \u00f6nceki g\u00f6rev s\u00fcreleri boyunca Meclis kararlar\u0131 al\u0131n\u0131rken Ankara\u2019da ya\u015fanan siyasi gerginliklerin<br \/>\netkili oldu\u011funu ifade eden Se\u00e7er, \u201cBu d\u00f6nem bu konularda daha dikkatli olaca\u011f\u0131z, daha fark\u0131nda<br \/>\nolaca\u011f\u0131z ve 5 y\u0131l\u0131 birbirimize k\u0131r\u0131lmadan, dar\u0131lmadan, anlay\u0131\u015f i\u00e7erisinde ge\u00e7irece\u011fimizi<br \/>\nd\u00fc\u015f\u00fcn\u00fcyorum. B\u00fcy\u00fck\u015fehir olarak il\u00e7e belediyelerinden \u00f6nce elimi ta\u015f\u0131n alt\u0131na koyma<br \/>\ny\u00fck\u00fcml\u00fcl\u00fc\u011f\u00fc ta\u015f\u0131d\u0131\u011f\u0131m\u0131 biliyorum. Bizim burada sizlere \u00f6nderlik etme zorunlulu\u011fumuz vard\u0131r.<br \/>\n\u0130l\u00e7e belediye ba\u015fkanlar\u0131m\u0131z olarak her konuda rahatl\u0131kla benimle g\u00f6r\u00fc\u015fme hakk\u0131na sahipsiniz.<br \/>\nBir masa etraf\u0131nda oturur ve sizlerin sorunlar\u0131n\u0131 dinleriz, \u00e7\u00f6z\u00fcm i\u00e7in gerekli samimi hamleyi de<br \/>\nyapar\u0131z. Bundan yana da rahat olman\u0131z\u0131 istiyorum ve kesinlikle hepinizle de i\u015f birli\u011fi yapmak<br \/>\nistiyorum\u201d diye belirtti.<br \/>\n\u201cS\u0131rt\u0131n\u0131za dokunan samimi el biz olaca\u011f\u0131z\u201d<br \/>\nHer b\u00f6lgenin sorunlar\u0131na hakim oldu\u011funu kaydeden Se\u00e7er, \u00f6zellikle yeni se\u00e7ilen il\u00e7e belediye<br \/>\nba\u015fkanlar\u0131na da destek olacaklar\u0131n\u0131n alt\u0131n\u0131 \u00e7izerek, \u201c\u00c7\u00fcnk\u00fc yeni bir kurum. Geldiniz, insanlar\u0131<br \/>\ntan\u0131m\u0131yorsunuz; kendi partiniz de olsa; i\u015fleyi\u015fi bilmiyorsunuz. Kuca\u011f\u0131n\u0131zda sorun yuma\u011f\u0131<br \/>\nbulmu\u015fsunuz ve onu \u00e7\u00f6zmeye \u00e7al\u0131\u015f\u0131yorsunuz. Samimi bir el s\u0131rt\u0131n\u0131za dokundu\u011fu noktada emin<br \/>\nolun rahatlars\u0131n\u0131z. Biz o el olaca\u011f\u0131z. Bundan yana endi\u015feniz olmas\u0131n\u201d diye belirtti.<br \/>\n\u201cBizim oda\u011f\u0131m\u0131z\u0131n \u2018Mersin\u2019 olmas\u0131 laz\u0131m\u201d<br \/>\nSe\u00e7er, Meclis halk\u0131n\u0131n huzuru ve yap\u0131lacak i\u015flerin do\u011fru olmas\u0131 a\u00e7\u0131s\u0131ndan muhalefetin yap\u0131c\u0131<br \/>\nele\u015ftiriler yapmas\u0131n\u0131 istedi\u011fini kaydederek, \u201cYap\u0131c\u0131 olundu\u011fu noktada sonu\u00e7 da al\u0131n\u0131r, do\u011fru i\u015fler<\/p>\n<p>de yap\u0131l\u0131r. Bu, Mersin halk\u0131n\u0131n huzuru, Meclis\u2019in sayg\u0131nl\u0131\u011f\u0131, yapaca\u011f\u0131m\u0131z i\u015flerin bereketi ve<br \/>\nselameti a\u00e7\u0131s\u0131ndan da \u00f6nemli. B\u0131rakal\u0131m o yaman siyaseti Ankara\u2019da Meclis\u2019te yaps\u0131nlar. Emin<br \/>\nolun oraya dikkatimizi \u00e7ekti\u011fimiz ve s\u00f6ylemlerimiz genel politikaya kayd\u0131\u011f\u0131 noktada burada<br \/>\ni\u015flerin sarpa sard\u0131\u011f\u0131n\u0131 g\u00f6rd\u00fck. Bundan da ka\u00e7\u0131n\u0131lmas\u0131 gerekti\u011fi tecr\u00fcbesini edindim. Bizim<br \/>\noda\u011f\u0131m\u0131z\u0131n \u2018Mersin\u2019 olmas\u0131 laz\u0131m\u201d ifadelerini kulland\u0131.<br \/>\n\u201c5 y\u0131l\u0131m\u0131z\u0131n verimli ge\u00e7ece\u011fini umut ediyorum\u201d<br \/>\n\u00d6n\u00fcm\u00fczdeki s\u00fcrecin yeni se\u00e7ilen belediye ba\u015fkanlar\u0131 a\u00e7\u0131s\u0131ndan kolay olmayaca\u011f\u0131n\u0131 belirterek s\u00f6zlerini<br \/>\ns\u00fcrd\u00fcren Se\u00e7er, Maliye ve Hazine Bakanl\u0131\u011f\u0131\u2019ndan yerel y\u00f6netimlerin \u00f6deneklerinde k\u0131s\u0131nt\u0131ya<br \/>\ngidilece\u011fiyle alakal\u0131 bir a\u00e7\u0131klama oldu\u011funu kaydetti. Yasa ile belirlenen gelirlere kimsenin dokunma<br \/>\nhakk\u0131n\u0131n olmad\u0131\u011f\u0131n\u0131 ifade eden Se\u00e7er, ilave kaynak bulma noktas\u0131nda s\u0131k\u0131nt\u0131lar ya\u015fanabilece\u011fine<br \/>\nde\u011findi. Se\u00e7er, il\u00e7e belediyelerinin bir an evvel dengeleri oturtmas\u0131 gerekti\u011finin de alt\u0131n\u0131 \u00e7izerek, \u201cBu<br \/>\nge\u00e7i\u015f s\u00fcrecinde de b\u00fcrokratik ve teknik deste\u011fi bizden her zaman alabilirsiniz. Biz size yard\u0131mc\u0131<br \/>\nolmaya haz\u0131r\u0131z. 5 y\u0131l\u0131m\u0131z\u0131n verimli ge\u00e7ece\u011fini umut ediyorum\u201d dedi.<br \/>\nProgram, toplu foto\u011fraf \u00e7ekimi ile sona erdi.<\/p>\n","protected":false},"excerpt":{"rendered":"<p>Mersin B\u00fcy\u00fck\u015fehir Belediye Ba\u015fkan\u0131 Vahap Se\u00e7er; il\u00e7e belediye ba\u015fkanlar\u0131 ve B\u00fcy\u00fck\u015fehir Belediye Meclisi \u00fcyeleri ile bir araya geldi. Se\u00e7er konu\u015fmas\u0131nda, Meclis \u00fcyeleri ile Meclis d\u0131\u015f\u0131nda daha s\u0131k bir araya gelmek istedi\u011fini belirterek, \u201cBu benim ger\u00e7ekten \u00e7ok arzu etti\u011fim, samimiyetle istedi\u011fim ikinci 5 y\u0131l\u0131m\u0131zdaki uygulama\u201d dedi. Meclis toplant\u0131lar\u0131n\u0131n Mersin ve Mersin halk\u0131 ad\u0131na sakin ge\u00e7mesi gerekti\u011fini [&hellip;]<\/p>\n","protected":false},"author":1,"featured_media":2029,"comment_status":"open","ping_status":"open","sticky":false,"template":"","format":"standard","meta":{"footnotes":""},"categories":[7,9,259],"tags":[],"class_list":["post-2028","post","type-post","status-publish","format-standard","has-post-thumbnail","hentry","category-gundem","category-manset","category-mersin"],"_links":{"self":[{"href":"https:\/\/mersinmuhbir.com\/index.php\/wp-json\/wp\/v2\/posts\/2028","targetHints":{"allow":["GET"]}}],"collection":[{"href":"https:\/\/mersinmuhbir.com\/index.php\/wp-json\/wp\/v2\/posts"}],"about":[{"href":"https:\/\/mersinmuhbir.com\/index.php\/wp-json\/wp\/v2\/types\/post"}],"author":[{"embeddable":true,"href":"https:\/\/mersinmuhbir.com\/index.php\/wp-json\/wp\/v2\/users\/1"}],"replies":[{"embeddable":true,"href":"https:\/\/mersinmuhbir.com\/index.php\/wp-json\/wp\/v2\/comments?post=2028"}],"version-history":[{"count":0,"href":"https:\/\/mersinmuhbir.com\/index.php\/wp-json\/wp\/v2\/posts\/2028\/revisions"}],"wp:featuredmedia":[{"embeddable":true,"href":"https:\/\/mersinmuhbir.com\/index.php\/wp-json\/wp\/v2\/media\/2029"}],"wp:attachment":[{"href":"https:\/\/mersinmuhbir.com\/index.php\/wp-json\/wp\/v2\/media?parent=2028"}],"wp:term":[{"taxonomy":"category","embeddable":true,"href":"https:\/\/mersinmuhbir.com\/index.php\/wp-json\/wp\/v2\/categories?post=2028"},{"taxonomy":"post_tag","embeddable":true,"href":"https:\/\/mersinmuhbir.com\/index.php\/wp-json\/wp\/v2\/tags?post=2028"}],"curies":[{"name":"wp","href":"https:\/\/api.w.org\/{rel}","templated":true}]}}