{"id":1949,"date":"2024-04-09T15:09:17","date_gmt":"2024-04-09T12:09:17","guid":{"rendered":"https:\/\/www.mersinmuhbir.com\/?p=1949"},"modified":"2024-04-09T11:02:37","modified_gmt":"2024-04-09T08:02:37","slug":"acikgoz-bayramlar-herkesin-birbirine-hosgoruyle-baktigi-en-guzel-zamanlardir","status":"publish","type":"post","link":"https:\/\/mersinmuhbir.com\/index.php\/2024\/04\/09\/acikgoz-bayramlar-herkesin-birbirine-hosgoruyle-baktigi-en-guzel-zamanlardir\/","title":{"rendered":"A\u00c7IKG\u00d6Z; \u201cBAYRAMLAR HERKES\u0130N B\u0130RB\u0130R\u0130NE HO\u015eG\u00d6R\u00dcYLE BAKTI\u011eI EN G\u00dcZEL ZAMANLARDIR.\u201d"},"content":{"rendered":"<p>Avukat \u0130brahim Halil A\u00e7\u0131kg\u00f6z, Ramazan Bayram\u0131 dolay\u0131s\u0131yla bir kutlama mesaj\u0131 yay\u0131mlad\u0131. A\u00e7\u0131kg\u00f6z, mesaj\u0131nda \u015fu ifadelere yer verdi: \u201cBayramlar, insan\u0131 insan yapan de\u011ferlerin yo\u011fun olarak ya\u015fand\u0131\u011f\u0131, darg\u0131nl\u0131klar\u0131n unutuldu\u011fu, sevgi ve sayg\u0131n\u0131n artt\u0131\u011f\u0131, herkesin birbirine ho\u015fg\u00f6r\u00fcyle bakt\u0131\u011f\u0131 en g\u00fczel zamanlard\u0131r. Bayramlar toplumumuzun ortak paydalar\u0131d\u0131r. Hepimiz i\u00e7in b\u00fcy\u00fck anlamlar ta\u015f\u0131yan, birlik ve beraberli\u011fimizi kuvvetlendiren, dostluk ve bar\u0131\u015f ortam\u0131 olu\u015fturan bu bayram\u0131, darg\u0131nl\u0131k ve k\u00fcsk\u00fcnl\u00fcklerimizi unutarak, ta\u015f\u0131d\u0131klar\u0131 anlam ve \u00f6neme uygun olarak kutlamal\u0131y\u0131z. Bu duygu ve d\u00fc\u015f\u00fcncelerle herkesin Ramazan Bayram\u0131\u2019n\u0131 kutlar, Bayram\u0131n t\u00fcm insanl\u0131\u011fa, sa\u011fl\u0131k, huzur, mutluluk ve bereket getirmesini dilerim.\u201d<\/p>\n","protected":false},"excerpt":{"rendered":"<p>Avukat \u0130brahim Halil A\u00e7\u0131kg\u00f6z, Ramazan Bayram\u0131 dolay\u0131s\u0131yla bir kutlama mesaj\u0131 yay\u0131mlad\u0131. A\u00e7\u0131kg\u00f6z, mesaj\u0131nda \u015fu ifadelere yer verdi: \u201cBayramlar, insan\u0131 insan yapan de\u011ferlerin yo\u011fun olarak ya\u015fand\u0131\u011f\u0131, darg\u0131nl\u0131klar\u0131n unutuldu\u011fu, sevgi ve sayg\u0131n\u0131n artt\u0131\u011f\u0131, herkesin birbirine ho\u015fg\u00f6r\u00fcyle bakt\u0131\u011f\u0131 en g\u00fczel zamanlard\u0131r. Bayramlar toplumumuzun ortak paydalar\u0131d\u0131r. Hepimiz i\u00e7in b\u00fcy\u00fck anlamlar ta\u015f\u0131yan, birlik ve beraberli\u011fimizi kuvvetlendiren, dostluk ve bar\u0131\u015f ortam\u0131 [&hellip;]<\/p>\n","protected":false},"author":1,"featured_media":1950,"comment_status":"open","ping_status":"open","sticky":false,"template":"","format":"standard","meta":{"footnotes":""},"categories":[7,9,259],"tags":[],"class_list":["post-1949","post","type-post","status-publish","format-standard","has-post-thumbnail","hentry","category-gundem","category-manset","category-mersin"],"_links":{"self":[{"href":"https:\/\/mersinmuhbir.com\/index.php\/wp-json\/wp\/v2\/posts\/1949","targetHints":{"allow":["GET"]}}],"collection":[{"href":"https:\/\/mersinmuhbir.com\/index.php\/wp-json\/wp\/v2\/posts"}],"about":[{"href":"https:\/\/mersinmuhbir.com\/index.php\/wp-json\/wp\/v2\/types\/post"}],"author":[{"embeddable":true,"href":"https:\/\/mersinmuhbir.com\/index.php\/wp-json\/wp\/v2\/users\/1"}],"replies":[{"embeddable":true,"href":"https:\/\/mersinmuhbir.com\/index.php\/wp-json\/wp\/v2\/comments?post=1949"}],"version-history":[{"count":0,"href":"https:\/\/mersinmuhbir.com\/index.php\/wp-json\/wp\/v2\/posts\/1949\/revisions"}],"wp:featuredmedia":[{"embeddable":true,"href":"https:\/\/mersinmuhbir.com\/index.php\/wp-json\/wp\/v2\/media\/1950"}],"wp:attachment":[{"href":"https:\/\/mersinmuhbir.com\/index.php\/wp-json\/wp\/v2\/media?parent=1949"}],"wp:term":[{"taxonomy":"category","embeddable":true,"href":"https:\/\/mersinmuhbir.com\/index.php\/wp-json\/wp\/v2\/categories?post=1949"},{"taxonomy":"post_tag","embeddable":true,"href":"https:\/\/mersinmuhbir.com\/index.php\/wp-json\/wp\/v2\/tags?post=1949"}],"curies":[{"name":"wp","href":"https:\/\/api.w.org\/{rel}","templated":true}]}}