{"id":1860,"date":"2024-04-08T10:21:39","date_gmt":"2024-04-08T07:21:39","guid":{"rendered":"https:\/\/www.mersinmuhbir.com\/?p=1860"},"modified":"2024-04-08T10:21:39","modified_gmt":"2024-04-08T07:21:39","slug":"mersinin-simge-yapisi-tas-bina-kent-muzesi-oluyor","status":"publish","type":"post","link":"https:\/\/mersinmuhbir.com\/index.php\/2024\/04\/08\/mersinin-simge-yapisi-tas-bina-kent-muzesi-oluyor\/","title":{"rendered":"MERS\u0130N\u2019\u0130N S\u0130MGE YAPISI TA\u015e B\u0130NA \u2018KENT M\u00dcZES\u0130\u2019 OLUYOR"},"content":{"rendered":"<p>Mersin B\u00fcy\u00fck\u015fehir Belediyesi, Mersin\u2019in tarihine tan\u0131kl\u0131k eden simge yap\u0131lardan Ta\u015f<br \/>\nBina\u2019n\u0131n restorasyonunu ba\u015flatt\u0131. Fen \u0130\u015fleri Daire Ba\u015fkanl\u0131\u011f\u0131 taraf\u0131ndan, \u00f6nce restorasyon<br \/>\n\u00e7al\u0131\u015fmalar\u0131yla eski g\u00f6r\u00fcn\u00fcm\u00fcne kavu\u015fturulacak olan binada, daha sonra her katta farkl\u0131<br \/>\nkullan\u0131m alanlar\u0131n\u0131n olaca\u011f\u0131 i\u00e7 mekan d\u00fczenlemesi yap\u0131lacak. Ta\u015f Bina yeni haliyle; zemin<br \/>\nkat\u0131 \u00c7ok Ama\u00e7l\u0131 Sergi Salonu ve Kent M\u00fczesi, 1. kat\u0131 Kent M\u00fczesi Sergi Salonu, 2. kat\u0131<br \/>\nBa\u015fkanl\u0131k Makam\u0131, \u00c7ok Ama\u00e7l\u0131 Salonlar, Fuaye ve Toplant\u0131 Salonu olacak \u015fekilde<br \/>\ni\u015flevlendirilecek.<br \/>\nMersin B\u00fcy\u00fck\u015fehir Belediyesi, Mersin\u2019in tarihine tan\u0131kl\u0131k eden simge yap\u0131lardan Ta\u015f<br \/>\nBina\u2019n\u0131n restorasyonunu ba\u015flatt\u0131. Uzun y\u0131llard\u0131r Mersin B\u00fcy\u00fck\u015fehir Belediyesi\u2019nin baz\u0131<br \/>\nbirimlerinin \u00e7al\u0131\u015fmalar\u0131n\u0131 y\u00fcr\u00fctt\u00fc\u011f\u00fc Ta\u015f Bina, k\u0131sa s\u00fcre \u00f6nce bo\u015falt\u0131larak restorasyon<br \/>\n\u00e7al\u0131\u015fmalar\u0131 ba\u015flat\u0131ld\u0131. Fen \u0130\u015fleri Daire Ba\u015fkanl\u0131\u011f\u0131 taraf\u0131ndan asl\u0131na uygun bir \u015fekilde yap\u0131lacak<br \/>\nolan \u00e7al\u0131\u015fmalar kapsam\u0131nda, sonradan yap\u0131lan m\u00fcdahaleler ortadan kald\u0131r\u0131lacak ve tarihi bina<br \/>\nKent M\u00fczesi olarak hizmet verecek.<br \/>\nTa\u015f Bina; sergi salonu, m\u00fcze ve fuaye alan\u0131 olarak Mersinlilere hizmet vermeye devam<br \/>\nedecek<br \/>\nYakla\u015f\u0131k 3 bin 200 metrekare alana sahip olan Ta\u015f Bina\u2019da \u00e7al\u0131\u015fmalar, Fen \u0130\u015fleri Dairesi<br \/>\nBa\u015fkanl\u0131\u011f\u0131 taraf\u0131ndan y\u00fcr\u00fct\u00fclecek. Bina, \u00f6nce yap\u0131lan restorasyonla eski g\u00f6r\u00fcn\u00fcm\u00fcne<br \/>\nkavu\u015fturulacak, ard\u0131ndan da her katta farkl\u0131 kullan\u0131m alanlar\u0131n\u0131n olaca\u011f\u0131 i\u00e7 mekan<br \/>\nd\u00fczenlemesi yap\u0131lacak. \u00c7al\u0131\u015fmalar\u0131n sonunda zemin kat \u00c7ok Ama\u00e7l\u0131 Sergi Salonu ve Kent<br \/>\nM\u00fczesi, 1. kat\u0131 Kent M\u00fczesi Sergi Salonu, 2. kat\u0131 Ba\u015fkanl\u0131k Makam\u0131, \u00c7ok Ama\u00e7l\u0131 Salonlar,<br \/>\nFuaye ve Toplant\u0131 Salonu olarak i\u015flevlendirilecek.<br \/>\n1900\u2019lerin ba\u015f\u0131ndan itibaren tuz deposu, konut, nal ve \u00e7ivi fabrikas\u0131, Akkahve gibi \u00e7ok farkl\u0131<br \/>\n\u015fekillerde kullan\u0131lan Ta\u015f Bina, belirli bir s\u00fcre sonra belediye binas\u0131 olarak hizmet vermeye<br \/>\ndevam etti. Kentlilerin haf\u0131zas\u0131nda \u00e7o\u011funlukla Akkahve olarak kalan Ta\u015f Bina, yap\u0131lan<br \/>\nrestorasyon \u00e7al\u0131\u015fmas\u0131yla, Mersinlilerle birlikte ya\u015fayan ve tarihe tan\u0131kl\u0131k eden bir yap\u0131 olmaya<br \/>\ndevam edecek.<br \/>\nG\u00f6kp\u0131nar: \u201c\u015eehrimize de\u011fer katacak projeler daha da \u00e7o\u011falacak\u201d<br \/>\n100 y\u0131ldan fazla bir ge\u00e7mi\u015fi olan Ta\u015f Bina\u2019n\u0131n restorasyon ve kent m\u00fczesine d\u00f6n\u00fc\u015f\u00fcm<br \/>\n\u00e7al\u0131\u015fmalar\u0131n\u0131 ba\u015flatt\u0131klar\u0131n\u0131 ifade eden Fen \u0130\u015fleri Dairesi Ba\u015fkan\u0131 Serdar G\u00f6kp\u0131nar, proje<br \/>\ns\u00fcresi olarak 540 g\u00fcn belirlediklerini, ancak daha \u00f6nce de bitirmeyi planlad\u0131klar\u0131n\u0131<br \/>\ns\u00f6yleyerek, \u201cBu \u00e7al\u0131\u015fmalar kapsam\u0131nda; zaman i\u00e7erisinde binaya yap\u0131lan m\u00fcdahalelerin<br \/>\nkald\u0131r\u0131lmas\u0131, gerekli g\u00fc\u00e7lendirmelerin yap\u0131lmas\u0131, \u00e7at\u0131 yenilenmesi, cephe temizli\u011fi<br \/>\nyap\u0131larak, \u00f6zg\u00fcn hali korunup restorasyon projesine uygun olarak b\u00f6l\u00fcmler<br \/>\ni\u015flevlendirilecek\u201d dedi. \u00c7al\u0131\u015fmalar sonucunda bina i\u00e7erisinde kent m\u00fczesi, sergi salonlar\u0131,<br \/>\nfuaye alan\u0131 ve toplant\u0131 salonlar\u0131n\u0131n kullan\u0131ma kazand\u0131r\u0131laca\u011f\u0131n\u0131 kaydeden G\u00f6kp\u0131nar, \u201cBu<br \/>\nsayede Ta\u015f Binam\u0131z, \u015fehrin ortak kullan\u0131m\u0131na kat\u0131larak, Mersin ve Mersinlilerle<\/p>\n<p>beraber ya\u015famaya devam edecek. Mersin B\u00fcy\u00fck\u015fehir Belediyesi olarak, \u015fehrimize de\u011fer<br \/>\nkatacak projelerin \u00e7o\u011falt\u0131lmas\u0131 y\u00f6n\u00fcndeki \u00e7al\u0131\u015fmalar\u0131m\u0131z da s\u00fcrecek\u201d dedi.<\/p>\n","protected":false},"excerpt":{"rendered":"<p>Mersin B\u00fcy\u00fck\u015fehir Belediyesi, Mersin\u2019in tarihine tan\u0131kl\u0131k eden simge yap\u0131lardan Ta\u015f Bina\u2019n\u0131n restorasyonunu ba\u015flatt\u0131. Fen \u0130\u015fleri Daire Ba\u015fkanl\u0131\u011f\u0131 taraf\u0131ndan, \u00f6nce restorasyon \u00e7al\u0131\u015fmalar\u0131yla eski g\u00f6r\u00fcn\u00fcm\u00fcne kavu\u015fturulacak olan binada, daha sonra her katta farkl\u0131 kullan\u0131m alanlar\u0131n\u0131n olaca\u011f\u0131 i\u00e7 mekan d\u00fczenlemesi yap\u0131lacak. Ta\u015f Bina yeni haliyle; zemin kat\u0131 \u00c7ok Ama\u00e7l\u0131 Sergi Salonu ve Kent M\u00fczesi, 1. kat\u0131 Kent M\u00fczesi [&hellip;]<\/p>\n","protected":false},"author":1,"featured_media":1861,"comment_status":"open","ping_status":"open","sticky":false,"template":"","format":"standard","meta":{"footnotes":""},"categories":[7,9,259],"tags":[],"class_list":["post-1860","post","type-post","status-publish","format-standard","has-post-thumbnail","hentry","category-gundem","category-manset","category-mersin"],"_links":{"self":[{"href":"https:\/\/mersinmuhbir.com\/index.php\/wp-json\/wp\/v2\/posts\/1860","targetHints":{"allow":["GET"]}}],"collection":[{"href":"https:\/\/mersinmuhbir.com\/index.php\/wp-json\/wp\/v2\/posts"}],"about":[{"href":"https:\/\/mersinmuhbir.com\/index.php\/wp-json\/wp\/v2\/types\/post"}],"author":[{"embeddable":true,"href":"https:\/\/mersinmuhbir.com\/index.php\/wp-json\/wp\/v2\/users\/1"}],"replies":[{"embeddable":true,"href":"https:\/\/mersinmuhbir.com\/index.php\/wp-json\/wp\/v2\/comments?post=1860"}],"version-history":[{"count":0,"href":"https:\/\/mersinmuhbir.com\/index.php\/wp-json\/wp\/v2\/posts\/1860\/revisions"}],"wp:featuredmedia":[{"embeddable":true,"href":"https:\/\/mersinmuhbir.com\/index.php\/wp-json\/wp\/v2\/media\/1861"}],"wp:attachment":[{"href":"https:\/\/mersinmuhbir.com\/index.php\/wp-json\/wp\/v2\/media?parent=1860"}],"wp:term":[{"taxonomy":"category","embeddable":true,"href":"https:\/\/mersinmuhbir.com\/index.php\/wp-json\/wp\/v2\/categories?post=1860"},{"taxonomy":"post_tag","embeddable":true,"href":"https:\/\/mersinmuhbir.com\/index.php\/wp-json\/wp\/v2\/tags?post=1860"}],"curies":[{"name":"wp","href":"https:\/\/api.w.org\/{rel}","templated":true}]}}