{"id":1492,"date":"2024-03-02T13:35:55","date_gmt":"2024-03-02T10:35:55","guid":{"rendered":"https:\/\/www.mersinmuhbir.com\/?p=1492"},"modified":"2024-03-02T13:35:55","modified_gmt":"2024-03-02T10:35:55","slug":"mersinde-en-yuksek-isci-ucreti-yenisehir-belediyesinden","status":"publish","type":"post","link":"https:\/\/mersinmuhbir.com\/index.php\/2024\/03\/02\/mersinde-en-yuksek-isci-ucreti-yenisehir-belediyesinden\/","title":{"rendered":"Mersin\u2019de en y\u00fcksek i\u015f\u00e7i \u00fccreti Yeni\u015fehir Belediyesinden"},"content":{"rendered":"<p>Mersin Yeni\u015fehir Belediyesi ve D\u0130SK Genel-\u0130\u015f Sendikas\u0131 Mersin \u015eubesi aras\u0131nda Toplu \u0130\u015f S\u00f6zle\u015fmesi Ek<br \/>\nProtokol\u00fc imzaland\u0131. Yeni\u015fehir Belediye Ba\u015fkan\u0131 Abdullah \u00d6zyi\u011fit, yap\u0131lan protokol kapsam\u0131nda y\u00fczde<br \/>\n61\u2019lik zam oran\u0131yla en d\u00fc\u015f\u00fck i\u015f\u00e7i \u00fccretinin 26 bin 612 TL\u2019ye y\u00fckseltildi\u011fini duyurdu. Yeni\u015fehir<br \/>\nBelediyesi \u00e7al\u0131\u015fanlar\u0131yla bir araya gelen Ba\u015fkan \u00d6zyi\u011fit, \u201cBizim i\u00e7in emek kutsal, al\u0131n teri kutsal. T\u00fcm<br \/>\ni\u015f\u00e7i karde\u015flerimize ve ailelerine hay\u0131rl\u0131 olsun\u201d dedi.<br \/>\nYeni\u015fehir Belediye Ba\u015fkan\u0131 Abdullah \u00d6zyi\u011fit, Yeni\u015fehir Belediyesi ve yetkili sendika D\u0130SK Genel-\u0130\u015f<br \/>\nSendikas\u0131 Mersin \u015eubesi aras\u0131nda yap\u0131lan Toplu \u0130\u015f S\u00f6zle\u015fmesi Ek Protokol \u0130mza T\u00f6reni\u2019nde belediye<br \/>\npersonelleriyle bir araya geldi. Yeni\u015fehir Belediyesi Atat\u00fcrk K\u00fclt\u00fcr Merkezine yap\u0131lan imza t\u00f6renine<br \/>\nBa\u015fkan \u00d6zyi\u011fit\u2019in yan\u0131 s\u0131ra D\u0130SK Genel-\u0130\u015f Sendikas\u0131 Mersin \u015eube Ba\u015fkan\u0131 Kemal G\u00f6ksoy, Yeni\u015fehir<br \/>\nBelediyesi Personel Limited \u015eirketi M\u00fcd\u00fcr\u00fc Selahaddin Onur Okuyucu, sendika y\u00f6neticileri, STK<br \/>\ntemsilcileri, belediye meclis \u00fcyeleri ve personeller kat\u0131ld\u0131.<br \/>\nBa\u015fkan \u00d6zyi\u011fit, \u201cYeni\u015fehir halk\u0131 fedakarl\u0131\u011f\u0131n\u0131z\u0131 biliyor\u201d<br \/>\nYeni\u015fehir Belediye Ba\u015fkan\u0131 Abdullah \u00d6zyi\u011fit, yapt\u0131\u011f\u0131 konu\u015fmada 5 y\u0131lda \u00e7ok \u00f6nemli i\u015fleri birlikte<br \/>\nba\u015fard\u0131klar\u0131n\u0131 ifade ederek \u015funlar\u0131 s\u00f6yledi: \u201cDe\u011ferli \u00e7al\u0131\u015fma arkada\u015flar\u0131m, 5 y\u0131ld\u0131r sizlerle birlikte<br \/>\nyuvam\u0131z Yeni\u015fehir i\u00e7in b\u00fcy\u00fck bir gurur ve onurla emek veriyoruz. \u00d6ncelikle \u00f6zveriniz ve<br \/>\nfedak\u00e2rl\u0131\u011f\u0131n\u0131z nedeniyle her birinize \u015fahs\u0131m ve hem\u015fehrilerim ad\u0131na te\u015fekk\u00fcr ediyorum. Bug\u00fcne<br \/>\nkadar gitti\u011fim her mahallede, her sokakta, her evde halk\u0131m beni takdirle kar\u015f\u0131lad\u0131. Ancak biliyorum<br \/>\nki bu ba\u015far\u0131 sadece benim ba\u015far\u0131m de\u011fil. Bu ba\u015far\u0131 hepimizin ba\u015far\u0131s\u0131, bu emek hepimizin eme\u011fi,<br \/>\nemi\u011finize sa\u011fl\u0131k. 2020 y\u0131l\u0131nda pandemiyi ya\u015fad\u0131k. Kimse soka\u011fa \u00e7\u0131kam\u0131yorken, sizler eme\u011finizle<br \/>\nsokaktayd\u0131n\u0131z, \u00e7al\u0131\u015ft\u0131n\u0131z. Halk\u0131n sa\u011fl\u0131\u011f\u0131n\u0131 korudunuz, ihtiya\u00e7lar\u0131n\u0131 kar\u015f\u0131lad\u0131n\u0131z. Yeri geldi k\u00fc\u00e7\u00fck bir<br \/>\n\u00e7ocu\u011fun do\u011fum g\u00fcn\u00fc pastas\u0131n\u0131 ald\u0131n\u0131z, kap\u0131s\u0131na gittiniz, do\u011fum g\u00fcn\u00fcn\u00fc kutlad\u0131n\u0131z. Maske takman\u0131n<br \/>\nzorunlu oldu\u011fu ama sat\u0131\u015f\u0131n\u0131n yasak oldu\u011fu o zor g\u00fcnlerde kap\u0131 kap\u0131 dola\u015ft\u0131n\u0131z maske da\u011f\u0131tt\u0131n\u0131z.<br \/>\nVatanda\u015f\u0131n ekme\u011fini ald\u0131n\u0131z, evine g\u00f6t\u00fcrd\u00fcn\u00fcz. Vir\u00fcse yakalananlar\u0131n evine a\u015fevinden yeme\u011fini<br \/>\ng\u00f6t\u00fcrd\u00fcn\u00fcz. Yeni\u015fehirlilere hizmet i\u00e7in kendinizi de riske att\u0131n\u0131z, ailenizi de riske att\u0131n\u0131z. Bu bir<br \/>\nger\u00e7ek. Yeni\u015fehir halk\u0131 bu fedakarl\u0131\u011f\u0131n\u0131z\u0131 ve bu ger\u00e7e\u011fi biliyor. Eme\u011finize sa\u011fl\u0131k.\u201d<br \/>\nYapt\u0131\u011f\u0131m\u0131z i\u015ften de gurur duymal\u0131y\u0131z ve gurur duyulacak i\u015fler yapmal\u0131y\u0131z.\u201d<br \/>\n\u201cYeni\u015fehir bizim yuvam\u0131z. G\u00f6z\u00fcm\u00fcz gibi bakmak zorunday\u0131z.\u201d diyen Ba\u015fkan Abdullah \u00d6zyi\u011fit,<br \/>\nYeni\u015fehir Belediyesi \u00e7al\u0131\u015fanlar\u0131n\u0131n eme\u011fi her sokakta hissedildi\u011fini s\u00f6yledi. Ba\u015fkan \u00d6zyi\u011fit, \u201c\u0130\u015fte 1 y\u0131l<br \/>\n\u00f6nce depremi ya\u015fad\u0131k. Zor zamanlarda herkes sevdi\u011finin yan\u0131nda olmak ister. Sizler ilk andan<br \/>\nitibaren Belediyeye ko\u015ftunuz, \u00fczerinize d\u00fc\u015feni yapt\u0131n\u0131z. Binlerce yurtta\u015f\u0131m\u0131z deprem b\u00f6lgesinden<br \/>\nYeni\u015fehir\u2019e geldi. Onlar\u0131 siz kar\u015f\u0131lad\u0131n\u0131z, elinizi uzatt\u0131n\u0131z. G\u00fcnlerce bu merkezde, hizmet verdiniz.<br \/>\nEme\u011finize sa\u011fl\u0131k, sizlerle gurur duyuyorum. Yeni\u015fehir bizim yuvam\u0131z. G\u00f6z\u00fcm\u00fcz gibi bakmak<br \/>\nzorunday\u0131z. Yapt\u0131\u011f\u0131m\u0131z i\u015ften de gurur duymal\u0131y\u0131z ve gurur duyulacak i\u015fler yapmal\u0131y\u0131z. Misafirinizle<br \/>\nveya ailenizle bir parkta oturdu\u011funuzda, bu park\u0131 ben temizledim, benim belediyem, benim<br \/>\narkada\u015flar\u0131m temizliyor diyebilmelisiniz. Bu kentin sokaklar\u0131nda y\u00fcr\u00fcd\u00fc\u011f\u00fcn\u00fczde, temizli\u011finden<br \/>\ngurur duymal\u0131s\u0131n\u0131z. Yollar\u0131ndan gurur duymal\u0131s\u0131n\u0131z, ye\u015filli\u011finden gurur duymal\u0131s\u0131n\u0131z. Bug\u00fcne kadar<\/p>\n<p>g\u00f6sterdi\u011finiz fedak\u00e2rl\u0131k ve \u00f6zveri, Yeni\u015fehir&amp;#39;in her k\u00f6\u015fesinde hissediliyor. Ancak daha iyisini<br \/>\nyapabilece\u011fimize olan inanc\u0131m\u0131z\u0131 asla kaybetmemeliyiz.\u201d \u015feklinde konu\u015ftu.<\/p>\n<p>Hep birlikte Yeni\u015fehir\u2019i daha ileriye ta\u015f\u0131maya devam edeceklerini ifade eden \u00d6zyi\u011fit, \u201cBu ger\u00e7e\u011fi her<br \/>\nzaman s\u00f6yl\u00fcyorum; biz bir aileyiz. Sadece i\u015f arkada\u015flar\u0131 de\u011fil, birbirimize kar\u015f\u0131 sorumluluk sahibi<br \/>\nolan bir aileyiz. Bir aileyi aile yapan da aidiyet duygusudur. Bu aidiyet duygusu, i\u015fimizi sadece bir<br \/>\ng\u00f6rev olarak de\u011fil, bir sorumluluk olarak g\u00f6rmemize olanak sa\u011flar. Kendi i\u015fimize sahip \u00e7\u0131kman\u0131n<br \/>\nyan\u0131 s\u0131ra, di\u011fer arkada\u015flar\u0131m\u0131z\u0131n da ba\u015far\u0131s\u0131 i\u00e7in destek oluruz. \u00c7\u00fcnk\u00fc aile fertlerinin ba\u015far\u0131s\u0131, t\u00fcm<br \/>\nailenin ba\u015far\u0131s\u0131d\u0131r. Birbirimize destek oldu\u011fumuz, birlikte \u00e7al\u0131\u015ft\u0131\u011f\u0131m\u0131z ve ortak hedeflerimize<br \/>\nodakland\u0131\u011f\u0131m\u0131z s\u00fcrece, Yeni\u015fehir&amp;#39;i daha da ileriye ta\u015f\u0131yabiliriz. Ve inan\u0131yorum ki ba\u015faraca\u011f\u0131z. Geride<br \/>\nkald\u0131\u011f\u0131m\u0131z 5 y\u0131lda bunu yapt\u0131k, \u00f6n\u00fcm\u00fczdeki 5 y\u0131lda da yapaca\u011f\u0131z.\u201d diye konu\u015ftu.<br \/>\n\u201cY\u00fczde 61\u2019lik bir zam oran\u0131yla Yeni\u015fehir Belediyesinde ayl\u0131k en d\u00fc\u015f\u00fck i\u015f\u00e7i \u00fccreti 26 bin 612 TL oldu.\u201d<br \/>\nYeni\u015fehir Belediyesinde en d\u00fc\u015f\u00fck i\u015f\u00e7i \u00fccretini ayl\u0131k 26 bin 612 TL\u2019ye y\u00fckselttiklerini duyuran Ba\u015fkan<br \/>\n\u00d6zyi\u011fit, \u201cBizim i\u00e7in emek kutsal, al\u0131n teri kutsal. Y\u00fczde 61\u2019lik bir zam oran\u0131yla Yeni\u015fehir<br \/>\nBelediyesinde ayl\u0131k en d\u00fc\u015f\u00fck i\u015f\u00e7i \u00fccreti 26 bin 612 TL oldu. Hay\u0131rl\u0131 olsun. \u015eubat ay\u0131 maa\u015flar\u0131n\u0131z\u0131<br \/>\nal\u0131rken, Ek Protokol\u00fcm\u00fcz kapsam\u0131nda yapt\u0131\u011f\u0131m\u0131z iyile\u015ftirmeden kaynakl\u0131 Ocak ay\u0131ndan kalan<br \/>\nfarklar\u0131 da alm\u0131\u015f olacaks\u0131n\u0131z. T\u00fcm i\u015f\u00e7i karde\u015flerimize ve ailelerine hay\u0131rl\u0131 olmas\u0131n\u0131 diliyorum.\u201d dedi.<br \/>\nKemal G\u00f6ksoy, \u201cT\u00fcm belediyeler i\u00e7inde en y\u00fcksek s\u00f6zle\u015fmeyi Yeni\u015fehir\u2019de yapt\u0131k.\u201d<br \/>\nD\u0130SK Genel-\u0130\u015f Sendikas\u0131 Mersin \u015eube Ba\u015fkan\u0131 Kemal G\u00f6ksoy, yapt\u0131\u011f\u0131 konu\u015fmada Yeni\u015fehir Belediye<br \/>\nBa\u015fkan\u0131 Abdullah \u00d6zyi\u011fit\u2019e te\u015fekk\u00fcr etti. Yeni\u015fehir Belediyesi ile yapt\u0131klar\u0131 toplu i\u015f s\u00f6zle\u015fmesinin<br \/>\ns\u00fcresinin Haziran ay\u0131nda tamamland\u0131\u011f\u0131n\u0131 ancak Yeni\u015fehir Belediye Ba\u015fkan\u0131 Abdullah \u00d6zyi\u011fit\u2019in o<br \/>\ns\u00fcreyi beklemeden ek protokol yapt\u0131\u011f\u0131n\u0131 ifade eden G\u00f6ksoy, Yeni\u015fehir Belediyesinin Mersin\u2019de en<br \/>\ny\u00fcksek \u00fccreti veren belediye oldu\u011funu s\u00f6yledi. G\u00f6ksoy, &amp;quot;Yeni\u015fehir Belediyesinde her zaman oldu\u011fu<br \/>\ngibi en y\u00fcksek. T\u00fcm belediyeler i\u00e7inde en y\u00fcksek s\u00f6zle\u015fmeyi Yeni\u015fehir\u2019de yapt\u0131k. Yetmedi 6 ayda<br \/>\nbir enflasyon fark\u0131n\u0131 koyduk. Geldi\u011fimiz nokta ortada. Enflasyon fark\u0131n\u0131 koymamam\u0131za ra\u011fmen<br \/>\nbug\u00fcn burada ek protokol yapmak zorunda kal\u0131yoruz. Say\u0131n Abdullah \u00d6zyi\u011fit\u2019e birilerinin ho\u015funa<br \/>\ngitse de gitmese de te\u015fekk\u00fcr ediyoruz. Bu protokol\u00fc yapmayabilirdiniz. Temmuz ay\u0131nda<br \/>\ns\u00f6zle\u015fmemiz var. \u2018S\u00f6zle\u015fmenizde gelin ko\u015fal\u0131m\u2019 diyebilirdiniz. Ama siz bu protokolle ilgili bizden<br \/>\ndaha erken davrand\u0131n\u0131z. Az \u00f6nce videoda g\u00f6sterdiniz. Bu belediyenin aynas\u0131 emek\u00e7ilerdir. Bizler<br \/>\nburadan bak\u0131yoruz. \u0130nsanlar ge\u00e7inemiyor. \u0130nsanlar\u0131n ger\u00e7ekten al\u0131m g\u00fcc\u00fc d\u00fc\u015ft\u00fc. Biz eminiz ki<br \/>\nMersin\u2019in en y\u00fcksek \u00fccretini alm\u0131\u015f olaca\u011f\u0131z. Yeterli mi? Yeterli de\u011fil. Enflasyona, vergilere ve<br \/>\nh\u00fck\u00fcmetin yaratt\u0131\u011f\u0131 krize yeti\u015femiyoruz.\u201d dedi.<br \/>\nKonu\u015fmalar\u0131n ard\u0131ndan Yeni\u015fehir Belediye Ba\u015fkan\u0131 Abdullah \u00d6zyi\u011fit ve D\u0130SK Genel-\u0130\u015f Sendikas\u0131 Mersin<br \/>\n\u015eube Ba\u015fkan\u0131 Kemal G\u00f6ksoy, Toplu \u0130\u015f S\u00f6zle\u015fmesinin Ek Protokol\u00fcn\u00fc imzalad\u0131.<\/p>\n","protected":false},"excerpt":{"rendered":"<p>Mersin Yeni\u015fehir Belediyesi ve D\u0130SK Genel-\u0130\u015f Sendikas\u0131 Mersin \u015eubesi aras\u0131nda Toplu \u0130\u015f S\u00f6zle\u015fmesi Ek Protokol\u00fc imzaland\u0131. Yeni\u015fehir Belediye Ba\u015fkan\u0131 Abdullah \u00d6zyi\u011fit, yap\u0131lan protokol kapsam\u0131nda y\u00fczde 61\u2019lik zam oran\u0131yla en d\u00fc\u015f\u00fck i\u015f\u00e7i \u00fccretinin 26 bin 612 TL\u2019ye y\u00fckseltildi\u011fini duyurdu. Yeni\u015fehir Belediyesi \u00e7al\u0131\u015fanlar\u0131yla bir araya gelen Ba\u015fkan \u00d6zyi\u011fit, \u201cBizim i\u00e7in emek kutsal, al\u0131n teri kutsal. T\u00fcm i\u015f\u00e7i [&hellip;]<\/p>\n","protected":false},"author":1,"featured_media":1493,"comment_status":"open","ping_status":"open","sticky":false,"template":"","format":"standard","meta":{"footnotes":""},"categories":[7,9,259],"tags":[],"class_list":["post-1492","post","type-post","status-publish","format-standard","has-post-thumbnail","hentry","category-gundem","category-manset","category-mersin"],"_links":{"self":[{"href":"https:\/\/mersinmuhbir.com\/index.php\/wp-json\/wp\/v2\/posts\/1492","targetHints":{"allow":["GET"]}}],"collection":[{"href":"https:\/\/mersinmuhbir.com\/index.php\/wp-json\/wp\/v2\/posts"}],"about":[{"href":"https:\/\/mersinmuhbir.com\/index.php\/wp-json\/wp\/v2\/types\/post"}],"author":[{"embeddable":true,"href":"https:\/\/mersinmuhbir.com\/index.php\/wp-json\/wp\/v2\/users\/1"}],"replies":[{"embeddable":true,"href":"https:\/\/mersinmuhbir.com\/index.php\/wp-json\/wp\/v2\/comments?post=1492"}],"version-history":[{"count":0,"href":"https:\/\/mersinmuhbir.com\/index.php\/wp-json\/wp\/v2\/posts\/1492\/revisions"}],"wp:featuredmedia":[{"embeddable":true,"href":"https:\/\/mersinmuhbir.com\/index.php\/wp-json\/wp\/v2\/media\/1493"}],"wp:attachment":[{"href":"https:\/\/mersinmuhbir.com\/index.php\/wp-json\/wp\/v2\/media?parent=1492"}],"wp:term":[{"taxonomy":"category","embeddable":true,"href":"https:\/\/mersinmuhbir.com\/index.php\/wp-json\/wp\/v2\/categories?post=1492"},{"taxonomy":"post_tag","embeddable":true,"href":"https:\/\/mersinmuhbir.com\/index.php\/wp-json\/wp\/v2\/tags?post=1492"}],"curies":[{"name":"wp","href":"https:\/\/api.w.org\/{rel}","templated":true}]}}