{"id":1454,"date":"2024-02-28T09:36:43","date_gmt":"2024-02-28T06:36:43","guid":{"rendered":"https:\/\/www.mersinmuhbir.com\/?p=1454"},"modified":"2024-02-28T09:36:43","modified_gmt":"2024-02-28T06:36:43","slug":"baskan-secer-eskimeyen-sarkilar-konserine-katildi","status":"publish","type":"post","link":"https:\/\/mersinmuhbir.com\/index.php\/2024\/02\/28\/baskan-secer-eskimeyen-sarkilar-konserine-katildi\/","title":{"rendered":"BA\u015eKAN SE\u00c7ER, \u2018ESK\u0130MEYEN \u015eARKILAR KONSER\u0130\u2019NE KATILDI"},"content":{"rendered":"<p>Mersin B\u00fcy\u00fck\u015fehir Belediye Ba\u015fkan\u0131 Vahap Se\u00e7er, B\u00fcy\u00fck\u015fehir\u2019in Emekli Evi\u2019nden faydalanan<br \/>\n\u00fcyelerden olu\u015fan G\u00f6n\u00fclden Sesler Korosu\u2019nun \u2018Eskimeyen \u015eark\u0131lar Konseri\u2019ne kat\u0131ld\u0131.<br \/>\nSe\u00e7imlerden sonra da toplumun t\u00fcm kesimleri ile bir arada olmaya devam edece\u011fini s\u00f6yleyen Ba\u015fkan<br \/>\nSe\u00e7er, \u201cO g\u00fcnde, bug\u00fcnde, yar\u0131nda gelecekte de emekli insanlar\u0131m\u0131z\u0131n, sizlerin ve t\u00fcm<br \/>\nyurtta\u015flar\u0131m\u0131z\u0131n her zaman yan\u0131nda olmaya devam edece\u011fiz\u201d diye konu\u015ftu.<\/p>\n<p>Mersin B\u00fcy\u00fck\u015fehir Belediye Ba\u015fkan\u0131 Vahap Se\u00e7er, B\u00fcy\u00fck\u015fehir\u2019in Emekli Evi\u2019nden faydalanan<br \/>\n\u00fcyelerden olu\u015fan G\u00f6n\u00fclden Sesler Korosu\u2019nun \u2018Eskimeyen \u015eark\u0131lar Konseri\u2019ne kat\u0131ld\u0131.<\/p>\n<p>Mezitli Belediyesi K\u00fclt\u00fcr Merkezi\u2019nde d\u00fczenlenen konsere Ba\u015fkan Se\u00e7er\u2019in yan\u0131 s\u0131ra; Cumhuriyet<br \/>\nHalk Partisi (CHP) Gen\u00e7lik Kollar\u0131 Genel Ba\u015fkan Yard\u0131mc\u0131s\u0131 \u0130zzet K\u0131r\u0131lmaz, CHP Mezitli \u0130l\u00e7e<br \/>\nBa\u015fkan\u0131 Ula\u015f Y\u0131lmaz, CHP Mezitli Belediye Ba\u015fkan Aday\u0131 Ahmet Serkan Tuncer, B\u00fcy\u00fck\u015fehir<br \/>\nBelediyesi b\u00fcrokratlar\u0131, Emekli Evi \u00fcyeleri ve sanatseverler kat\u0131ld\u0131.<br \/>\nSeslendirilen \u015fark\u0131lar\u0131 \u00e7ok be\u011fendi\u011fini belirtip t\u00fcm koristleri ve saz heyetini tebrik ederek<br \/>\nkonu\u015fmas\u0131na ba\u015flayan Ba\u015fkan Se\u00e7er, \u201cSizler hayatta deneyimli insanlars\u0131n\u0131z. Hayat\u0131n her<br \/>\na\u015famas\u0131nda \u00f6nemli olaylar ya\u015fam\u0131\u015fs\u0131n\u0131z ve bug\u00fcnlere gelmi\u015fsiniz. \u015eu anda bizim gibi olan<br \/>\ninsanlara ve daha geri ya\u015fta olan insanlara asl\u0131nda \u00f6nderlik ediyorsunuz. Bir arada olmak,<br \/>\nsosyalle\u015fmek, yeni dostluklar ve arkada\u015fl\u0131klar kurmak \u00e7ok g\u00fczel\u201d dedi.<br \/>\n\u201cT\u00fcm yurtta\u015flar\u0131m\u0131z\u0131n her zaman yan\u0131nda olmaya devam edece\u011fiz\u201d<br \/>\nYerel se\u00e7imlerden sonra da toplumun t\u00fcm kesimleri ile bir arada olmaya devam edece\u011fine vurgu<br \/>\nyapan Ba\u015fkan Se\u00e7er, \u201cSe\u00e7imden sonrada buraday\u0131m, bir yere gitti\u011fim yok. 1 Nisandan sonrada<br \/>\nburaday\u0131z. O g\u00fcnde, bug\u00fcnde, yar\u0131nda gelecekte de emekli insanlar\u0131m\u0131z\u0131n, sizlerin ve t\u00fcm<br \/>\nyurtta\u015flar\u0131m\u0131z\u0131n her zaman yan\u0131nda olmaya devam edece\u011fiz\u201d diye konu\u015ftu.<br \/>\nTuncer: \u201cGencinin, esnaf\u0131n\u0131n, \u00e7ift\u00e7isinin bildi\u011fim gibi emeklinin de sorunlar\u0131n\u0131 biliyorum\u201d<br \/>\nCHP Mezitli \u0130l\u00e7e Ba\u015fkan\u0131 Ahmet serkan Tuncer ise Ba\u015fkan Vahap Se\u00e7er\u2019e sanata, sanat\u00e7\u0131ya ve emekli<br \/>\nyurtta\u015flara verdi\u011fi desteklerden \u00f6t\u00fcr\u00fc te\u015fekk\u00fcr etti. Mezitli\u2019de ya\u015fayan herkesim sorunlar\u0131n\u0131 bildi\u011fini<br \/>\nifade eden Tuncer \u201cMezitli\u2019nin her mahallesinin sorununu bildi\u011fim gibi, gencinin, esnaf\u0131n\u0131n,<br \/>\n\u00e7ift\u00e7isinin bildi\u011fim gibi emeklinin de sorunlar\u0131n\u0131 biliyorum. Bu karde\u015finiz bir yola \u00e7\u0131kt\u0131. \u0130nan\u0131n<br \/>\n1 Nisanda belediye ba\u015fkan\u0131 olduktan sonra da sanat\u0131n, sanat\u00e7\u0131n\u0131n ve emeklinin yan\u0131nda<br \/>\nolaca\u011f\u0131m. Bunun referans\u0131 Vahap Se\u00e7er Ba\u015fkan\u0131md\u0131r. Sizlere inan\u0131yorum, g\u00fcveniyorum\u201d<br \/>\ns\u00f6zlerine yer verdi.<br \/>\nBirbirinden g\u00fczel eserlerin seslendirildi\u011fi konserde, kat\u0131l\u0131mc\u0131lar unutulmaz bir ak\u015fam ya\u015fad\u0131.<br \/>\nKonserde, konu\u015fmalar\u0131n ard\u0131ndan Emekli Evi \u00fcyelerinden Nedret Uygur Ba\u015fkan Se\u00e7er\u2019e katk\u0131lar\u0131ndan<br \/>\n\u00f6t\u00fcr\u00fc \u00e7i\u00e7ek takdim etti.<br \/>\nSe\u00e7er de Koro \u015eefi Zeynep \u00d6zer G\u00fcnd\u00fcz\u2019e plaket takdim etti.<\/p>\n","protected":false},"excerpt":{"rendered":"<p>Mersin B\u00fcy\u00fck\u015fehir Belediye Ba\u015fkan\u0131 Vahap Se\u00e7er, B\u00fcy\u00fck\u015fehir\u2019in Emekli Evi\u2019nden faydalanan \u00fcyelerden olu\u015fan G\u00f6n\u00fclden Sesler Korosu\u2019nun \u2018Eskimeyen \u015eark\u0131lar Konseri\u2019ne kat\u0131ld\u0131. Se\u00e7imlerden sonra da toplumun t\u00fcm kesimleri ile bir arada olmaya devam edece\u011fini s\u00f6yleyen Ba\u015fkan Se\u00e7er, \u201cO g\u00fcnde, bug\u00fcnde, yar\u0131nda gelecekte de emekli insanlar\u0131m\u0131z\u0131n, sizlerin ve t\u00fcm yurtta\u015flar\u0131m\u0131z\u0131n her zaman yan\u0131nda olmaya devam edece\u011fiz\u201d diye konu\u015ftu. Mersin [&hellip;]<\/p>\n","protected":false},"author":1,"featured_media":1455,"comment_status":"open","ping_status":"open","sticky":false,"template":"","format":"standard","meta":{"footnotes":""},"categories":[7,9,259],"tags":[],"class_list":["post-1454","post","type-post","status-publish","format-standard","has-post-thumbnail","hentry","category-gundem","category-manset","category-mersin"],"_links":{"self":[{"href":"https:\/\/mersinmuhbir.com\/index.php\/wp-json\/wp\/v2\/posts\/1454","targetHints":{"allow":["GET"]}}],"collection":[{"href":"https:\/\/mersinmuhbir.com\/index.php\/wp-json\/wp\/v2\/posts"}],"about":[{"href":"https:\/\/mersinmuhbir.com\/index.php\/wp-json\/wp\/v2\/types\/post"}],"author":[{"embeddable":true,"href":"https:\/\/mersinmuhbir.com\/index.php\/wp-json\/wp\/v2\/users\/1"}],"replies":[{"embeddable":true,"href":"https:\/\/mersinmuhbir.com\/index.php\/wp-json\/wp\/v2\/comments?post=1454"}],"version-history":[{"count":0,"href":"https:\/\/mersinmuhbir.com\/index.php\/wp-json\/wp\/v2\/posts\/1454\/revisions"}],"wp:featuredmedia":[{"embeddable":true,"href":"https:\/\/mersinmuhbir.com\/index.php\/wp-json\/wp\/v2\/media\/1455"}],"wp:attachment":[{"href":"https:\/\/mersinmuhbir.com\/index.php\/wp-json\/wp\/v2\/media?parent=1454"}],"wp:term":[{"taxonomy":"category","embeddable":true,"href":"https:\/\/mersinmuhbir.com\/index.php\/wp-json\/wp\/v2\/categories?post=1454"},{"taxonomy":"post_tag","embeddable":true,"href":"https:\/\/mersinmuhbir.com\/index.php\/wp-json\/wp\/v2\/tags?post=1454"}],"curies":[{"name":"wp","href":"https:\/\/api.w.org\/{rel}","templated":true}]}}