{"id":1161,"date":"2024-02-08T16:22:02","date_gmt":"2024-02-08T13:22:02","guid":{"rendered":"https:\/\/www.mersinmuhbir.com\/?p=1161"},"modified":"2024-02-08T16:22:02","modified_gmt":"2024-02-08T13:22:02","slug":"baskan-sari-taksici-cinayetleri-kader-olmamali","status":"publish","type":"post","link":"https:\/\/mersinmuhbir.com\/index.php\/2024\/02\/08\/baskan-sari-taksici-cinayetleri-kader-olmamali\/","title":{"rendered":"Ba\u015fkan Sar\u0131; \u201cTaksici cinayetleri kader olmamal\u0131\u201d"},"content":{"rendered":"<p>Mersin \u015eof\u00f6rler ve Otomobilciler Odas\u0131 ve Mersin Esnaf ve Sanatkarlar Odalar\u0131<br \/>\nBirli\u011fi Ba\u015fkan\u0131 Veysel Sar\u0131, taksici cinayetlerinin taksicinin kaderi olmamas\u0131<br \/>\ngerekti\u011fini s\u00f6yledi. \u00dclke genelindeki t\u00fcm taksilere devlet destekli koruma kabini<br \/>\nile panik ve acil durum butonu kurulmas\u0131n\u0131 istediklerini s\u00f6yleyen Ba\u015fkan Sar\u0131,<br \/>\nson olarak \u0130zmir\u2019de arac\u0131na ald\u0131\u011f\u0131 cani taraf\u0131ndan vurularak \u00f6ld\u00fcr\u00fclen taksici<br \/>\nO\u011fuz Erge cinayet zanl\u0131s\u0131n\u0131n cayd\u0131r\u0131c\u0131 olmas\u0131 a\u00e7\u0131s\u0131ndan en a\u011f\u0131r \u015fekilde<br \/>\ncezaland\u0131r\u0131lmas\u0131n\u0131 beklediklerini ifade etti.<br \/>\nMersin \u015eof\u00f6rler ve Otomobilciler Odas\u0131 ve Mersin Esnaf ve Sanatkarlar Odalar\u0131<br \/>\nBirli\u011fi Y\u00f6netim Kurulu Ba\u015fkan\u0131, T\u015eOF Ba\u015fkanvekili Veysel Sar\u0131, taksici<br \/>\ncinayetlerinin taksicinin kaderi olmamas\u0131 gerekti\u011fini belirterek, taksici esnaf\u0131n\u0131n<br \/>\ncan ve mal g\u00fcvenli\u011fi i\u00e7in yurt genelindeki t\u00fcm taksilerde devlet deste\u011fi ile<br \/>\nkoruma kabini ile panik ve acil yard\u0131m butonu kurulmas\u0131 gerekti\u011fini s\u00f6yledi.<br \/>\nBa\u015fkan Veysel Sar\u0131, son olarak \u0130zmir\u2019de arac\u0131na ald\u0131\u011f\u0131 cani taraf\u0131ndan<br \/>\ntabancayla vurularak katledilen taksici O\u011fuz Erge\u2019ye Allah\u2019tan rahmet, ailesi ve<br \/>\nyak\u0131nlar\u0131 ile taksici esnaf\u0131na ba\u015f sa\u011fl\u0131\u011f\u0131 dileyerek, cinayet zanl\u0131s\u0131n\u0131n cayd\u0131r\u0131c\u0131<br \/>\nolmas\u0131 a\u00e7\u0131s\u0131ndan en a\u011f\u0131r \u015fekilde cezaland\u0131r\u0131lmas\u0131n\u0131 beklediklerini ifade etti.<br \/>\nTaksici cinayetleri ve taksici gasplar\u0131n\u0131n \u00f6n\u00fcne ge\u00e7ilmesi gerekti\u011fini kaydeden<br \/>\nBa\u015fkan Sar\u0131, bu ama\u00e7 do\u011frultusunda yurt genelindeki t\u00fcm taksilere devlet<br \/>\ndeste\u011finde koruma kabini ile panik ve acil yard\u0131m butonu kurulmas\u0131 gerekti\u011fini<br \/>\nbelirterek, \u201c Daha \u00f6nceki y\u0131llarda da taksici cinayetleri ve taksici gasplar\u0131n\u0131n<br \/>\n\u00f6n\u00fcne ge\u00e7ilmesi a\u00e7\u0131s\u0131ndan yurt genelindeki t\u00fcm taksilere koruma kabini ile,<br \/>\npanik ve acil yard\u0131m butonu kurulmas\u0131 y\u00f6n\u00fcnde ilgililere taleplerimizi<br \/>\nbildirmi\u015ftik. Ancak \u00fcz\u00fclerek s\u00f6yl\u00fcyoruz ki bug\u00fcne kadar bu y\u00f6nde at\u0131lm\u0131\u015f bir<br \/>\nad\u0131m yok. Bug\u00fcn k\u00fc mevcut ekonomik \u015fartlarda taksici esnaf\u0131m\u0131z koruma<br \/>\nkabini ile panik ve acil yard\u0131m butonu kurdurma imkan\u0131na sahip de\u011fil. Bunun<br \/>\ni\u00e7in devletimiz taksici esnaf\u0131na destek olmal\u0131d\u0131r. Bizlerde Avrupa\u2019daki<br \/>\nmeslekta\u015flar\u0131m\u0131z gibi g\u00fcven i\u00e7erisinde yolcular\u0131m\u0131z\u0131 ta\u015f\u0131mak istiyoruz\u201d dedi.<br \/>\nMersin\u2019de taksicilerin \u00f6zellikle gece \u00e7al\u0131\u015fmalar\u0131na korku ve endi\u015fe i\u00e7erisinde<br \/>\n\u00e7\u0131kt\u0131\u011f\u0131n\u0131 kaydeden Ba\u015fkan Sar\u0131, \u201c Bir \u00e7ok taksici esnaf\u0131m\u0131z can g\u00fcvenli\u011finden<br \/>\nkaynakl\u0131 \u00e7al\u0131\u015fmak istemiyor. Di\u011fer taraftan da hizmet bekleyen vatanda\u015flar\u0131m\u0131z<br \/>\nvar. Bunun i\u00e7in hem halk\u0131m\u0131za daha g\u00fcvenli ve modern imkanlarda hizmet<br \/>\nvermek, hem de taksici esnaf\u0131m\u0131z\u0131n can ve g\u00fcvenli\u011fini sa\u011flama a\u00e7\u0131s\u0131ndan<br \/>\nkoruma kabini kurulmas\u0131 ile panik ve acil yard\u0131m butonu kurulmas\u0131 konusu acil<br \/>\n\u015fekilde ele al\u0131nmal\u0131d\u0131r\u201d \u015feklinde konu\u015ftu.<\/p>\n","protected":false},"excerpt":{"rendered":"<p>Mersin \u015eof\u00f6rler ve Otomobilciler Odas\u0131 ve Mersin Esnaf ve Sanatkarlar Odalar\u0131 Birli\u011fi Ba\u015fkan\u0131 Veysel Sar\u0131, taksici cinayetlerinin taksicinin kaderi olmamas\u0131 gerekti\u011fini s\u00f6yledi. \u00dclke genelindeki t\u00fcm taksilere devlet destekli koruma kabini ile panik ve acil durum butonu kurulmas\u0131n\u0131 istediklerini s\u00f6yleyen Ba\u015fkan Sar\u0131, son olarak \u0130zmir\u2019de arac\u0131na ald\u0131\u011f\u0131 cani taraf\u0131ndan vurularak \u00f6ld\u00fcr\u00fclen taksici O\u011fuz Erge cinayet zanl\u0131s\u0131n\u0131n [&hellip;]<\/p>\n","protected":false},"author":1,"featured_media":1162,"comment_status":"open","ping_status":"open","sticky":false,"template":"","format":"standard","meta":{"footnotes":""},"categories":[7,9,259],"tags":[],"class_list":["post-1161","post","type-post","status-publish","format-standard","has-post-thumbnail","hentry","category-gundem","category-manset","category-mersin"],"_links":{"self":[{"href":"https:\/\/mersinmuhbir.com\/index.php\/wp-json\/wp\/v2\/posts\/1161","targetHints":{"allow":["GET"]}}],"collection":[{"href":"https:\/\/mersinmuhbir.com\/index.php\/wp-json\/wp\/v2\/posts"}],"about":[{"href":"https:\/\/mersinmuhbir.com\/index.php\/wp-json\/wp\/v2\/types\/post"}],"author":[{"embeddable":true,"href":"https:\/\/mersinmuhbir.com\/index.php\/wp-json\/wp\/v2\/users\/1"}],"replies":[{"embeddable":true,"href":"https:\/\/mersinmuhbir.com\/index.php\/wp-json\/wp\/v2\/comments?post=1161"}],"version-history":[{"count":0,"href":"https:\/\/mersinmuhbir.com\/index.php\/wp-json\/wp\/v2\/posts\/1161\/revisions"}],"wp:featuredmedia":[{"embeddable":true,"href":"https:\/\/mersinmuhbir.com\/index.php\/wp-json\/wp\/v2\/media\/1162"}],"wp:attachment":[{"href":"https:\/\/mersinmuhbir.com\/index.php\/wp-json\/wp\/v2\/media?parent=1161"}],"wp:term":[{"taxonomy":"category","embeddable":true,"href":"https:\/\/mersinmuhbir.com\/index.php\/wp-json\/wp\/v2\/categories?post=1161"},{"taxonomy":"post_tag","embeddable":true,"href":"https:\/\/mersinmuhbir.com\/index.php\/wp-json\/wp\/v2\/tags?post=1161"}],"curies":[{"name":"wp","href":"https:\/\/api.w.org\/{rel}","templated":true}]}}